
{"id":3722,"slug":"grupo-de-trabalho-em-mediacao","link":"https:\/\/transparencia.cfp.org.br\/crp13\/comissao\/grupo-de-trabalho-em-mediacao\/","class_list":["post-3722","comissao","type-comissao","status-publish","hentry","comissao_carater-especial"],"_comissao_carater":[{"id":50,"nome":"Especial","slug":"especial","link":"https:\/\/dev-transparencia.cfp.org.br\/wp-json\/wp\/v2\/comissao?comissaocarater=especial"}],"titulo":"Grupo de Trabalho em Media\u00e7\u00e3o","conteudo":"Coordena\u00e7\u00e3o\nAna Kalline Soares Castor (CRP-13\/8530)\nIntegrantes\nAline Arruda da Fonseca (CRP-13\/4708)\nJuliana Toledo Ara\u00fajo Rocha (CRP-13\/4048)\nJuliana Ribeiro Farias Xavier de Ara\u00fajo (estudante)\nMarccela Oliveira de Alexandria Rique (estudante)\n"}