
{"id":3495,"slug":"grupo-de-trabalho-psicologia-inclusao-e-habilitacao-reabilitacao-de-pessoa-com-deficiencia","link":"https:\/\/transparencia.cfp.org.br\/crp13\/comissao\/grupo-de-trabalho-psicologia-inclusao-e-habilitacao-reabilitacao-de-pessoa-com-deficiencia\/","class_list":["post-3495","comissao","type-comissao","status-publish","hentry","comissao_carater-especial"],"_comissao_carater":[{"id":50,"nome":"Especial","slug":"especial","link":"https:\/\/dev-transparencia.cfp.org.br\/wp-json\/wp\/v2\/comissao?comissaocarater=especial"}],"titulo":"Grupo de Trabalho Psicologia, Inclus\u00e3o e Habilita\u00e7\u00e3o Reabilita\u00e7\u00e3o de Pessoa com Defici\u00eancia","conteudo":"Coordena\u00e7\u00e3o\nHaline Cl\u00e9cia Porto Barreto (CRP-13\/5973)\nColaboradores\nAnt\u00f4nio Luiz da Silva (CRP-13\/5683)\nDavid Rodrigo da Rocha (CRP-13\/9031)\n"}