
{"id":3358,"slug":"comissao-de-politicas-publicas-cpp","link":"https:\/\/transparencia.cfp.org.br\/crp13\/comissao\/comissao-de-politicas-publicas-cpp\/","class_list":["post-3358","comissao","type-comissao","status-publish","hentry","comissao_carater-especial"],"_comissao_carater":[{"id":50,"nome":"Especial","slug":"especial","link":"https:\/\/dev-transparencia.cfp.org.br\/wp-json\/wp\/v2\/comissao?comissaocarater=especial"}],"titulo":"Comiss\u00e3o de Pol\u00edticas P\u00fablicas (CPP)","conteudo":"Coordena\u00e7\u00e3o\nLaura Brasil Feitosa (CRP-13\/13985)\nIntegrantes\nPatr\u00edcia Menezes Pereira (CRP-13\/7919)\nMilca Maria Bastos de Lima (estudante)\n\u2014 Anterior \u2014\nCoordena\u00e7\u00e3o\nJuciara Noara Santana de Ara\u00fajo Costa (CRP-13\/8324)\nVice-Coordena\u00e7\u00e3o\nValdizia Maria Silva do Nascimento (CRP-13\/8064)\nIntegrantes\nCarla de Sant\u2019Ana Brand\u00e3o Costa (CRP-13\/2287)\nFernanda Prud\u00eancio da Silva (CRP-13\/8329)\nLuiz Henrique Tenorio (CRP-13\/11121)\n\u2014 Anterior \u2014\nPresidente\nValdizia Maria Silva do Nascimento (CRP-13\/8064)\nVice-Presidente\nJuciara Noara Santana de Ara\u00fajo Costa (CRP-13\/8324)\nIntegrantes\nCarla de Sant\u2019Ana Brand\u00e3o Costa (CRP-13\/2287)\n"}