
{"id":3139,"slug":"grupo-de-trabalho-memoria-da-psicologia-na-paraiba","link":"https:\/\/transparencia.cfp.org.br\/crp13\/comissao\/grupo-de-trabalho-memoria-da-psicologia-na-paraiba\/","class_list":["post-3139","comissao","type-comissao","status-publish","hentry","comissao_carater-especial"],"_comissao_carater":[{"id":50,"nome":"Especial","slug":"especial","link":"https:\/\/dev-transparencia.cfp.org.br\/wp-json\/wp\/v2\/comissao?comissaocarater=especial"}],"titulo":"Grupo de Trabalho Hist\u00f3ria e Mem\u00f3ria da Psicologia na Para\u00edba","conteudo":"Coordena\u00e7\u00e3o\nIany Cavalcanti da Silva Barros (CRP-13\/0271)\n\u2014 Anterior \u2014\nCoordenadora\nMaria Juliana de Freitas Ferreira (CRP 13\/6076)\nMembros\nCarla de Sant\u00b4Ana Brand\u00e3o Costa (CRP-13\/2287)\nSilvana Barbosa Mendes Lacerda (CRP-13\/5985)\nSimone Alves da Silva (CRP-13\/7244)\nThiago de Souza dos Santos (CRP-13\/7676)\n\u2014 Anterior \u2014\nCoordenadora\nMaria Juliana de Freitas Ferreira (CRP 13\/6076)\nMembros\nIany Cavalcanti da Silva Barros (CRP-13\/0271)\nMaria Marques Rodrigues S\u00e1tiro (CRP-13\/0488)\nThiago de Souza Santos (CRP-13\/7676)\n\u2014 Anterior \u2014\nCoordenador\nMaio Spellman Quirino de Farias (CRP-13\/2320)\nMembros\nIany Cavalcanti da Silva Barros (CRP-13\/0271)\nMaria Cristina Soares Cavalcanti (CRP-13\/3358)\n\u2014 Anterior \u2014\nCoordenador\nMaio Spellman Quirino de Farias (CRP-13\/2320)\nMembros\nIany Cavalcanti da Silva Barros (CRP-13\/0271)\nMaria Cristina Soares Cavalcanti (CRP-13\/3358)\nAlu\u00edsio Lopes de Brito (CRP-13\/1610)\nMaria Marques Rodrigues S\u00e1tiro (CRP-13\/0488)\nMarisa Martins Nicodemos (CRP-13\/0094)\n"}