
{"id":1202,"slug":"comissao-de-orientacao-e-fiscalizacao-cof","link":"https:\/\/transparencia.cfp.org.br\/crp13\/comissao\/comissao-de-orientacao-e-fiscalizacao-cof\/","class_list":["post-1202","comissao","type-comissao","status-publish","hentry","comissao_carater-permanente"],"_comissao_carater":[{"id":49,"nome":"Permanente","slug":"permanente","link":"https:\/\/dev-transparencia.cfp.org.br\/wp-json\/wp\/v2\/comissao?comissaocarater=permanente"}],"titulo":"Comiss\u00e3o de Orienta\u00e7\u00e3o e Fiscaliza\u00e7\u00e3o (COF)","conteudo":"Presid\u00eancia\nSimone Alves da Silva (CRP-13\/7244)\nAssessoria T\u00e9cnica\nA definir\nAgente de Orienta\u00e7\u00e3o e Fiscaliza\u00e7\u00e3o\nA definir\nIntegrantes\nAlex Alves de Araujo\u00a0(CRP-13\/8235)\nAna Carolina da Silva Monteiro (CRP-13\/12512)\nDayane Mirelly Pereira Rodrigues (CRP-13\/8869)\nGustavo Firmino Costa (CRP-13\/10500)\nLucas Vitorino da Silva (CRP-13\/11249)\n\u2014Anterior\u2014\nCoordena\u00e7\u00e3o\nSimone Alves da Silva (CRP-13\/7244)\nAssessoria T\u00e9cnica\nAndrea Tavares Carvalho (CRP-13\/3801)\nAgente de Orienta\u00e7\u00e3o e Fiscaliza\u00e7\u00e3o\nLucas Vitorino da Silva (CRP-13\/11249)\nIntegrantes\nAlex Alves de Araujo\u00a0(CRP-13\/8235)\nAna Carolina da Silva Monteiro (CRP-13\/12512)\nDayane Mirelly Pereira Rodrigues (CRP-13\/8869)\nGustavo Firmino Costa (CRP-13\/10500)\nLeconte De Lisle Coelho Junior (CRP-13\/6683)\nSamuel Cavalcanti Fl\u00f4r (CRP-13\/11201)\n\u2014Anterior\u2014\nPresidente\nRosi\u00eane Vieira da Silva (CRP-13\/9408)\nAssessoria T\u00e9cnica\nAndrea Tavares Carvalho (CRP-13\/3801)\nLucas Vitorino da Silva (CRP-13\/11249)\nIntegrantes\nAna Carolina da Silva Monteiro (CRP-13\/12512)\nDayane Mirelly Pereira Rodrigues (CRP-13\/8869)\nLeconte De Lisle Coelho Junior (CRP-13\/6683)\nSamuel Cavalcanti Fl\u00f4r (CRP-13\/11201)\nSilvana Barbosa Mendes Lacerda (CRP-13\/5985)\nSimone Alves da Silva (CRP-13\/7244)\n\u2014 Anterior \u2014\nPresidente\nSimone Alves da Silva (CRP-13\/7244)\nOrientadora Fiscal\nMaria do Socorro Mendes Brito (CRP-13\/1115)\nAssessora T\u00e9cnica\nAndrea Tavares Carvalho (CRP-13\/3801)\nIntegrantes\nDayane Mirelly Pereira Rodrigues (CRP-13\/8869)\nCarla de Sant\u2019Ana Brand\u00e3o Costa (CRP-13\/2287)\nS\u00e9rgio M\u00e1ximo Vieira (CRP-13\/4344)\n\u2014 Anterior \u2014\nPresidente\nArethusa Eire Moreira de Farias (CRP-13\/7272)\nIntegrantes\nOrientador Fiscal da COF\u00a0\u00a0\u00a0\u00a0\u00a0\u00a0\u00a0\u00a0\u00a0\u00a0\u00a0\u00a0 \u00a0 Maria do Socorro Mendes Brito (CRP-13\/1115)\nAssessora T\u00e9cnica da COF\u00a0\u00a0\u00a0\u00a0\u00a0\u00a0\u00a0\u00a0\u00a0\u00a0\u00a0\u00a0\u00a0\u00a0\u00a0\u00a0\u00a0\u00a0\u00a0\u00a0\u00a0 Andrea Tavares Carvalho (CRP-13\/3801)\nConselheira Membro\u00a0\u00a0\u00a0\u00a0\u00a0\u00a0\u00a0\u00a0 \u00a0\u00a0\u00a0\u00a0\u00a0\u00a0\u00a0\u00a0 Maria Aparecida Ferreira Menezes Suassuna (CRP-13\/4458)\nConselheira Membro\u00a0\u00a0\u00a0\u00a0\u00a0\u00a0\u00a0\u00a0\u00a0\u00a0\u00a0\u00a0\u00a0\u00a0\u00a0\u00a0\u00a0\u00a0\u00a0\u00a0 Leilane Cristina Oliveira Pereira (CRP-13\/5805)\nConselheira Membro\u00a0\u00a0\u00a0\u00a0\u00a0\u00a0\u00a0\u00a0\u00a0\u00a0\u00a0\u00a0\u00a0\u00a0\u00a0\u00a0\u00a0\u00a0\u00a0\u00a0 \u00a0\u00a0\u00a0\u00a0 N\u00e1dia Patr\u00edcia Cordeiro Silva (CRP-13\/7339)\nConselheiro Membro\u00a0 \u00a0 \u00a0 \u00a0 \u00a0 \u00a0 \u00a0 \u00a0 \u00a0 \u00a0 \u00a0 \u00a0 Ant\u00f4nio Marcos Xavier Soares (CRP-13\/5866)\nConselheira Membro\u00a0\u00a0\u00a0\u00a0\u00a0\u00a0\u00a0\u00a0\u00a0\u00a0\u00a0\u00a0\u00a0\u00a0\u00a0\u00a0\u00a0\u00a0\u00a0\u00a0 \u00a0\u00a0\u00a0\u00a0\u00a0\u00a0\u00a0 Clarissa Paranhos Guedes (CRP-13\/7675)\nMembro da Comiss\u00e3o Gestora\u00a0\u00a0\u00a0\u00a0\u00a0\u00a0\u00a0\u00a0\u00a0\u00a0\u00a0\u00a0\u00a0 \u00a0\u00a0 \u00a0\u00a0\u00a0\u00a0\u00a0\u00a0Alan Santana Santos (CRP-13\/IS\/0166)\nPsic\u00f3logo Colaborador\u00a0\u00a0\u00a0\u00a0\u00a0\u00a0\u00a0\u00a0\u00a0\u00a0\u00a0\u00a0\u00a0\u00a0\u00a0\u00a0\u00a0 \u00a0\u00a0\u00a0\u00a0\u00a0\u00a0\u00a0\u00a0\u00a0\u00a0\u00a0\u00a0\u00a0\u00a0\u00a0\u00a0 S\u00e9rgio M\u00e1ximo Vieira (CRP-13\/4344)\n\u00a0\n"}