
{"id":3512,"slug":"atas-das-reunioes-plenarias-ordinarias-2024","link":"https:\/\/transparencia.cfp.org.br\/crp13\/ata\/atas-das-reunioes-plenarias-ordinarias-2024\/","class_list":["post-3512","ata","type-ata","status-publish","hentry","ata_reuniao-plenaria-ordinaria"],"documentos":[{"file_uploaded":3513,"document_name":"Ata da 18\u00aa Reuni\u00e3o Plen\u00e1ria Ordin\u00e1ria (X Plen\u00e1rio) - 21\/01\/2024","link":"https:\/\/transparencia.cfp.org.br\/crp13\/wp-content\/uploads\/sites\/19\/2024\/04\/Ata-18a-Reuniao-de-Plenaria-21-_01_-2024.pdf"},{"file_uploaded":3514,"document_name":"Ata da 19\u00aa Reuni\u00e3o Plen\u00e1ria Ordin\u00e1ria (X Plen\u00e1rio) - 17\/02\/2024","link":"https:\/\/transparencia.cfp.org.br\/crp13\/wp-content\/uploads\/sites\/19\/2024\/04\/Ata-19a-Reuniao-de-Plenaria-17-_02_-2024.pdf"},{"file_uploaded":3565,"document_name":"Ata da 20\u00aa Reuni\u00e3o Plen\u00e1ria Ordin\u00e1ria (X Plen\u00e1rio) - 16\/03\/2024","link":"https:\/\/transparencia.cfp.org.br\/crp13\/wp-content\/uploads\/sites\/19\/2024\/04\/Ata-20a-Reuniao-de-Plenaria-16-_03_-2024.pdf"},{"file_uploaded":3566,"document_name":"Ata da 21\u00aa Reuni\u00e3o Plen\u00e1ria Ordin\u00e1ria (X Plen\u00e1rio) - 20\/04\/2024","link":"https:\/\/transparencia.cfp.org.br\/crp13\/wp-content\/uploads\/sites\/19\/2024\/04\/Ata-21a-Reuniao-de-Plenaria-20-_04_-2024.pdf"},{"file_uploaded":3567,"document_name":"Ata da 22\u00aa Reuni\u00e3o Plen\u00e1ria Ordin\u00e1ria (X Plen\u00e1rio) - 18\/05\/2024","link":"https:\/\/transparencia.cfp.org.br\/crp13\/wp-content\/uploads\/sites\/19\/2024\/04\/Ata-22a-Reuniao-de-Plenaria-18-_05_-2024.pdf"},{"file_uploaded":3568,"document_name":"Ata da 23\u00aa Reuni\u00e3o Plen\u00e1ria Ordin\u00e1ria (X Plen\u00e1rio) - 20\/05\/2024","link":"https:\/\/transparencia.cfp.org.br\/crp13\/wp-content\/uploads\/sites\/19\/2024\/04\/Ata-23a-Reuniao-de-Plenaria-20-_05_-2024.pdf"},{"file_uploaded":3602,"document_name":"Ata da 24\u00aa Reuni\u00e3o Plen\u00e1ria Ordin\u00e1ria (X Plen\u00e1rio) - 15\/06\/2024","link":"https:\/\/transparencia.cfp.org.br\/crp13\/wp-content\/uploads\/sites\/19\/2024\/05\/Ata-24a-Reuniao-de-Plenaria-15-_06_-2024.pdf"},{"file_uploaded":3603,"document_name":"Ata da 25\u00aa Reuni\u00e3o Plen\u00e1ria Ordin\u00e1ria (X Plen\u00e1rio) - 13\/07\/2024","link":"https:\/\/transparencia.cfp.org.br\/crp13\/wp-content\/uploads\/sites\/19\/2024\/05\/Ata-25a-Reuniao-de-Plenaria-13-_07_-2024.pdf"},{"file_uploaded":3604,"document_name":"Ata da 26\u00aa Reuni\u00e3o Plen\u00e1ria Ordin\u00e1ria (X Plen\u00e1rio) - 30\/08\/2024","link":"https:\/\/transparencia.cfp.org.br\/crp13\/wp-content\/uploads\/sites\/19\/2024\/05\/Ata-26a-Reuniao-de-Plenaria-30-_08_-2024.pdf"},{"file_uploaded":3605,"document_name":"Ata da 27\u00aa Reuni\u00e3o Plen\u00e1ria Ordin\u00e1ria (X Plen\u00e1rio) - 22\/09\/2024","link":"https:\/\/transparencia.cfp.org.br\/crp13\/wp-content\/uploads\/sites\/19\/2024\/05\/Ata-27a-Plenaria-22-09-2024.pdf"},{"file_uploaded":3613,"document_name":"Ata da 28\u00aa Reuni\u00e3o Plen\u00e1ria Ordin\u00e1ria (X Plen\u00e1rio) - 02\/10\/2024","link":"https:\/\/transparencia.cfp.org.br\/crp13\/wp-content\/uploads\/sites\/19\/2024\/05\/Ata-28a-Reuniao-de-Plenaria-02-_10_-2024.pdf"},{"file_uploaded":3627,"document_name":"Ata da 29\u00aa Reuni\u00e3o Plen\u00e1ria Ordin\u00e1ria (X Plen\u00e1rio) - 26\/10\/2024","link":"https:\/\/transparencia.cfp.org.br\/crp13\/wp-content\/uploads\/sites\/19\/2024\/05\/Ata-29a-Reuniao-de-Plenaria-26-_10_-2024.pdf"},{"file_uploaded":3628,"document_name":"Ata da 30\u00aa Reuni\u00e3o Plen\u00e1ria Ordin\u00e1ria (X Plen\u00e1rio) - 30\/11\/2024","link":"https:\/\/transparencia.cfp.org.br\/crp13\/wp-content\/uploads\/sites\/19\/2024\/05\/Ata-30a-Reuniao-de-Plenaria-30-_11_-2024.pdf"},{"file_uploaded":3629,"document_name":"Ata da 31\u00aa Reuni\u00e3o Plen\u00e1ria Ordin\u00e1ria (X Plen\u00e1rio) - 18\/12\/2024","link":"https:\/\/transparencia.cfp.org.br\/crp13\/wp-content\/uploads\/sites\/19\/2024\/05\/Ata-31a-Reuniao-de-Plenaria-18-_12_-2024.pdf"}],"_ata_reuniao":[{"id":47,"nome":"Plen\u00e1ria Ordin\u00e1ria","slug":"plenaria-ordinaria","link":"https:\/\/dev-transparencia.cfp.org.br\/wp-json\/wp\/v2\/ata?atareuniao=plenaria-ordinaria"}],"titulo":"Atas das Reuni\u00f5es Plen\u00e1rias Ordin\u00e1rias 2024","conteudo":"Atas das Reuni\u00f5es Plen\u00e1rias Ordin\u00e1rias 2024\n"}