
{"id":3035,"slug":"atas-das-reunioes-plenarias-ordinarias-2020","link":"https:\/\/transparencia.cfp.org.br\/crp13\/ata\/atas-das-reunioes-plenarias-ordinarias-2020\/","class_list":["post-3035","ata","type-ata","status-publish","hentry","ata_reuniao-plenaria-ordinaria"],"documentos":[{"file_uploaded":3036,"document_name":"Ata da 05\u00aa Reuni\u00e3o Plen\u00e1ria Ordin\u00e1ria (IX Plen\u00e1rio) - 24\/01\/2020","link":"https:\/\/transparencia.cfp.org.br\/crp13\/wp-content\/uploads\/sites\/19\/2021\/06\/Ata-5a-Reuniao-Plenaria-do-IX-Plenario.pdf"},{"file_uploaded":3319,"document_name":"Ata da 06\u00aa Reuni\u00e3o Plen\u00e1ria Ordin\u00e1ria (IX Plen\u00e1rio) - 15\/02\/2020","link":"https:\/\/transparencia.cfp.org.br\/crp13\/wp-content\/uploads\/sites\/19\/2020\/12\/Ata-6a-Reuniao-Plenaria-do-IX-Plenario.pdf"},{"file_uploaded":3318,"document_name":"Ata da 07\u00aa Reuni\u00e3o Plen\u00e1ria Ordin\u00e1ria (IX Plen\u00e1rio) - 04\/04\/2020","link":"https:\/\/transparencia.cfp.org.br\/crp13\/wp-content\/uploads\/sites\/19\/2020\/12\/Ata-7a-Reuniao-Plenaria-do-IX-Plenario-.pdf"},{"file_uploaded":3040,"document_name":"Ata da 08\u00aa Reuni\u00e3o Plen\u00e1ria Ordin\u00e1ria (IX Plen\u00e1rio) - 09\/05\/2020","link":"https:\/\/transparencia.cfp.org.br\/crp13\/wp-content\/uploads\/sites\/19\/2021\/06\/Ata-8a-Reuniao-Plenaria-do-IX-Plenario.pdf"},{"file_uploaded":3041,"document_name":"Ata da 09\u00aa Reuni\u00e3o Plen\u00e1ria Ordin\u00e1ria (IX Plen\u00e1rio) - 28\/05\/2020","link":"https:\/\/transparencia.cfp.org.br\/crp13\/wp-content\/uploads\/sites\/19\/2021\/06\/Ata-9a-Reuniao-Plenaria-do-IX-Plenario.pdf"},{"file_uploaded":3042,"document_name":"Ata da 10\u00aa Reuni\u00e3o Plen\u00e1ria Ordin\u00e1ria (IX Plen\u00e1rio) - 13\/06\/2020","link":"https:\/\/transparencia.cfp.org.br\/crp13\/wp-content\/uploads\/sites\/19\/2021\/06\/Ata-10a-Reuniao-Plenaria-do-IX-Plenario.pdf"},{"file_uploaded":3043,"document_name":"Ata da 11\u00aa Reuni\u00e3o Plen\u00e1ria Ordin\u00e1ria (IX Plen\u00e1rio) - 25\/06\/2020","link":"https:\/\/transparencia.cfp.org.br\/crp13\/wp-content\/uploads\/sites\/19\/2021\/06\/Ata-11a-Reuniao-Plenaria-do-IX-Plenario.pdf"},{"file_uploaded":3044,"document_name":"Ata da 12\u00aa Reuni\u00e3o Plen\u00e1ria Ordin\u00e1ria (IX Plen\u00e1rio) - 11\/07\/2020","link":"https:\/\/transparencia.cfp.org.br\/crp13\/wp-content\/uploads\/sites\/19\/2021\/06\/Ata-12a-Reuniao-Plenaria-do-IX-Plenario.pdf"},{"file_uploaded":3045,"document_name":"Ata da 13\u00aa Reuni\u00e3o Plen\u00e1ria Ordin\u00e1ria (IX Plen\u00e1rio) - 29\/07\/2020","link":"https:\/\/transparencia.cfp.org.br\/crp13\/wp-content\/uploads\/sites\/19\/2021\/06\/Ata-13a-Reuniao-Plenaria-do-IX-Plenario.pdf"},{"file_uploaded":3046,"document_name":"Ata da 14\u00aa Reuni\u00e3o Plen\u00e1ria Ordin\u00e1ria (IX Plen\u00e1rio) - 15\/08\/2020","link":"https:\/\/transparencia.cfp.org.br\/crp13\/wp-content\/uploads\/sites\/19\/2021\/06\/Ata-14a-Reuniao-Plenaria-do-IX-Plenario.pdf"},{"file_uploaded":3271,"document_name":"Ata da 15\u00aa Reuni\u00e3o Plen\u00e1ria Ordin\u00e1ria (IX Plen\u00e1rio) - 02\/09\/2020","link":"https:\/\/transparencia.cfp.org.br\/crp13\/wp-content\/uploads\/sites\/19\/2020\/12\/Ata-15a-Reuniao-de-Plenaria-02-09-2020.pdf"},{"file_uploaded":3272,"document_name":"Ata da 16\u00aa Reuni\u00e3o Plen\u00e1ria Ordin\u00e1ria (IX Plen\u00e1rio) - 26\/09\/2020","link":"https:\/\/transparencia.cfp.org.br\/crp13\/wp-content\/uploads\/sites\/19\/2020\/12\/Ata-16a-Reuniao-de-Plenaria-26-09-2020.pdf"},{"file_uploaded":3273,"document_name":"Ata da 17\u00aa Reuni\u00e3o Plen\u00e1ria Ordin\u00e1ria (IX Plen\u00e1rio) - 24\/10\/2020","link":"https:\/\/transparencia.cfp.org.br\/crp13\/wp-content\/uploads\/sites\/19\/2020\/12\/Ata-17a-Reuniao-de-Plenaria-24-10-2020.pdf"},{"file_uploaded":3274,"document_name":"Ata da 18\u00aa Reuni\u00e3o Plen\u00e1ria Ordin\u00e1ria (IX Plen\u00e1rio) - 29\/10\/2020","link":"https:\/\/transparencia.cfp.org.br\/crp13\/wp-content\/uploads\/sites\/19\/2020\/12\/Ata-18a-Reuniao-de-Plenaria-29-10-2020.pdf"},{"file_uploaded":3275,"document_name":"Ata da 19\u00aa Reuni\u00e3o Plen\u00e1ria Ordin\u00e1ria (IX Plen\u00e1rio) - 14\/11\/2020","link":"https:\/\/transparencia.cfp.org.br\/crp13\/wp-content\/uploads\/sites\/19\/2020\/12\/Ata-19a-Reuniao-de-Plenaria-14-11-2020.pdf"},{"file_uploaded":3047,"document_name":"Ata da 20\u00aa Reuni\u00e3o Plen\u00e1ria Ordin\u00e1ria (IX Plen\u00e1rio) - 01\/12\/2020","link":"https:\/\/transparencia.cfp.org.br\/crp13\/wp-content\/uploads\/sites\/19\/2021\/06\/Ata-20a-Reuniao-Plenaria-do-IX-Plenario.pdf"},{"file_uploaded":3276,"document_name":"Ata da 21\u00aa Reuni\u00e3o Plen\u00e1ria Ordin\u00e1ria (IX Plen\u00e1rio) - 15\/12\/2020","link":"https:\/\/transparencia.cfp.org.br\/crp13\/wp-content\/uploads\/sites\/19\/2020\/12\/Ata-21a-Reuniao-de-Plenaria-15-12-2020.pdf"}],"_ata_reuniao":[{"id":47,"nome":"Plen\u00e1ria Ordin\u00e1ria","slug":"plenaria-ordinaria","link":"https:\/\/dev-transparencia.cfp.org.br\/wp-json\/wp\/v2\/ata?atareuniao=plenaria-ordinaria"}],"titulo":"Atas das Reuni\u00f5es Plen\u00e1rias Ordin\u00e1rias 2020","conteudo":"Atas das Reuni\u00f5es Plen\u00e1rias Ordin\u00e1rias realizadas em 2020.\n"}