
{"id":2431,"slug":"atas-das-reunioes-plenarias-extraordinarias-2018","link":"https:\/\/transparencia.cfp.org.br\/crp13\/ata\/atas-das-reunioes-plenarias-extraordinarias-2018\/","class_list":["post-2431","ata","type-ata","status-publish","hentry","ata_reuniao-plenaria-extraordinaria"],"documentos":[{"file_uploaded":2432,"document_name":"Ata da 6\u00aa Reuni\u00e3o Plen\u00e1ria Extraordin\u00e1ria (VIII Plen\u00e1rio) - 17\/03\/2018","link":"https:\/\/transparencia.cfp.org.br\/crp13\/wp-content\/uploads\/sites\/19\/2019\/12\/Plen_06a_Reuni\u00e3oExtr_17-03-2018.pdf"},{"file_uploaded":2433,"document_name":"Ata da 7\u00aa Reuni\u00e3o Plen\u00e1ria Extraordin\u00e1ria (VIII Plen\u00e1rio) - 04\/04\/2018","link":"https:\/\/transparencia.cfp.org.br\/crp13\/wp-content\/uploads\/sites\/19\/2019\/12\/Plen_07a_Reuni\u00e3oExtr_04-04-2018.pdf"},{"file_uploaded":2434,"document_name":"Ata da 8\u00aa Reuni\u00e3o Plen\u00e1ria Extraordin\u00e1ria (VIII Plen\u00e1rio) - 26\/06\/2018","link":"https:\/\/transparencia.cfp.org.br\/crp13\/wp-content\/uploads\/sites\/19\/2019\/12\/Plen_08a_Reuni\u00e3oExtr_26-06-2018.pdf"},{"file_uploaded":2435,"document_name":"Ata da 9\u00aa Reuni\u00e3o Plen\u00e1ria Extraordin\u00e1ria (VIII Plen\u00e1rio) - 30\/10\/2018","link":"https:\/\/transparencia.cfp.org.br\/crp13\/wp-content\/uploads\/sites\/19\/2019\/12\/Plen_09a_Reuni\u00e3oExtr_30-10-2018.pdf"}],"_ata_reuniao":[{"id":45,"nome":"Plen\u00e1ria Extraordin\u00e1ria","slug":"plenaria-extraordinaria","link":"https:\/\/dev-transparencia.cfp.org.br\/wp-json\/wp\/v2\/ata?atareuniao=plenaria-extraordinaria"}],"titulo":"Atas das Reuni\u00f5es Plen\u00e1rias Extraordin\u00e1rias 2018","conteudo":"Atas das Reuni\u00f5es Plen\u00e1rias Extraordin\u00e1rias realizadas em 2018\n"}