
{"id":2420,"slug":"atas-das-reunioes-plenarias-ordinarias-2019","link":"https:\/\/transparencia.cfp.org.br\/crp13\/ata\/atas-das-reunioes-plenarias-ordinarias-2019\/","class_list":["post-2420","ata","type-ata","status-publish","hentry","ata_reuniao-plenaria-ordinaria"],"documentos":[{"file_uploaded":2421,"document_name":"Ata da 28\u00aa Reuni\u00e3o Plen\u00e1ria Ordin\u00e1ria (VIII Plen\u00e1rio) - 16\/01\/2019","link":"https:\/\/transparencia.cfp.org.br\/crp13\/wp-content\/uploads\/sites\/19\/2019\/12\/Plen_28a_Reuni\u00e3o_16-01-2019.pdf"},{"file_uploaded":2422,"document_name":"Ata da 30\u00aa Reuni\u00e3o Plen\u00e1ria Ordin\u00e1ria (VIII Plen\u00e1rio) - 20\/03\/2019","link":"https:\/\/transparencia.cfp.org.br\/crp13\/wp-content\/uploads\/sites\/19\/2019\/12\/Plen_30a_Reuni\u00e3o_20-03-2019.pdf"},{"file_uploaded":2423,"document_name":"Ata da 31\u00aa Reuni\u00e3o Plen\u00e1ria Ordin\u00e1ria (VIII Plen\u00e1rio) - 10\/04\/2019","link":"https:\/\/transparencia.cfp.org.br\/crp13\/wp-content\/uploads\/sites\/19\/2019\/12\/Plen_31a_Reuni\u00e3o_10-04-2019.pdf"},{"file_uploaded":2424,"document_name":"Ata da 32\u00aa Reuni\u00e3o Plen\u00e1ria Ordin\u00e1ria (VIII Plen\u00e1rio) - 09\/05\/2019","link":"https:\/\/transparencia.cfp.org.br\/crp13\/wp-content\/uploads\/sites\/19\/2019\/12\/Plen_32a_Reuni\u00e3o_09-05-2019.pdf"},{"file_uploaded":3030,"document_name":"Ata da 01\u00aa Reuni\u00e3o Plen\u00e1ria Ordin\u00e1ria (IX Plen\u00e1rio) - 28\/09\/2019","link":"https:\/\/transparencia.cfp.org.br\/crp13\/wp-content\/uploads\/sites\/19\/2019\/12\/Ata-1a-Reuniao-Plenaria-do-IX-Plenario.pdf"},{"file_uploaded":3031,"document_name":"Ata da 02\u00aa Reuni\u00e3o Plen\u00e1ria Ordin\u00e1ria (IX Plen\u00e1rio) - 26\/10\/2019","link":"https:\/\/transparencia.cfp.org.br\/crp13\/wp-content\/uploads\/sites\/19\/2019\/12\/Ata-2a-Reuniao-Plenaria-do-IX-Plenario.pdf"},{"file_uploaded":3032,"document_name":"Ata da 03\u00aa Reuni\u00e3o Plen\u00e1ria Ordin\u00e1ria (IX Plen\u00e1rio) - 23\/11\/2019","link":"https:\/\/transparencia.cfp.org.br\/crp13\/wp-content\/uploads\/sites\/19\/2019\/12\/Ata-3a-Reuniao-Plenaria-do-IX-Plenario.pdf"},{"file_uploaded":3033,"document_name":"Ata da 04\u00aa Reuni\u00e3o Plen\u00e1ria Ordin\u00e1ria (IX Plen\u00e1rio) - 14\/10\/2019","link":"https:\/\/transparencia.cfp.org.br\/crp13\/wp-content\/uploads\/sites\/19\/2019\/12\/Ata-4a-Reuniao-Plenaria-do-IX-Plenario.pdf"}],"_ata_reuniao":[{"id":47,"nome":"Plen\u00e1ria Ordin\u00e1ria","slug":"plenaria-ordinaria","link":"https:\/\/dev-transparencia.cfp.org.br\/wp-json\/wp\/v2\/ata?atareuniao=plenaria-ordinaria"}],"titulo":"Atas das Reuni\u00f5es Plen\u00e1rias Ordin\u00e1rias 2019","conteudo":"Atas das Reuni\u00f5es Plen\u00e1rias Ordin\u00e1rias realizadas em 2019\n"}