
{"id":3253,"date":"2019-10-31T16:17:22","date_gmt":"2019-10-31T19:17:22","guid":{"rendered":"http:\/\/transparencia.cfp.org.br\/crp12\/?p=3253"},"modified":"2019-10-31T16:17:22","modified_gmt":"2019-10-31T19:17:22","slug":"portaria-de-convocacao-para-categoria-da-assembleia-geral-extraordinaria-29-11-2019","status":"publish","type":"post","link":"https:\/\/transparencia.cfp.org.br\/crp12\/portaria-de-convocacao-para-categoria-da-assembleia-geral-extraordinaria-29-11-2019\/","title":{"rendered":"Portaria de Convoca\u00e7\u00e3o para Categoria da Assembleia Geral Extraordin\u00e1ria 29\/11\/2019"},"content":{"rendered":"<p>O <strong>CONSELHO REGIONAL DE PSICOLOGIA &#8211; 12\u00aa REGI\u00c3O<\/strong>, autarquia federal, que por delega\u00e7\u00e3o do poder p\u00fablico exerce o servi\u00e7o de fiscaliza\u00e7\u00e3o da profiss\u00e3o de psic\u00f3logo, institu\u00eddo pela Lei n\u00ba. 5.766, de 20 de dezembro de 1971, por interm\u00e9dio de sua Conselheira Presidente, com fulcro nos artigos 9\u00ba e 70 da Resolu\u00e7\u00e3o CFP n\u00ba 10\/2019, vem Convocar para Assembleia Geral Extraordin\u00e1ria, a ser realizada no dia 29 de novembro de 2019, em primeira chamada para as 19:00 horas, com maioria absoluta, e em segunda chamada \u00e0s 19:30h com qualquer n\u00famero de presentes.<\/p>\n<p><a href=\"https:\/\/transparencia.cfp.org.br\/crp12\/wp-content\/uploads\/sites\/27\/2019\/10\/068-Portaria-de-Convoca\u00e7\u00e3o-para-Assembleia-Or\u00e7ament\u00e1ria.pdf\">Portaria de Convoca\u00e7\u00e3o para Assembleia Or\u00e7ament\u00e1ria<\/a>.<\/p>\n","protected":false},"excerpt":{"rendered":"<p>O CONSELHO REGIONAL DE PSICOLOGIA &#8211; 12\u00aa REGI\u00c3O, autarquia federal, que por delega\u00e7\u00e3o do poder p\u00fablico exerce o servi\u00e7o de fiscaliza\u00e7\u00e3o da profiss\u00e3o de psic\u00f3logo, institu\u00eddo pela Lei n\u00ba. 5.766, de 20 de dezembro de 1971, por interm\u00e9dio de sua&#8230; <a class=\"moretag\" href=\"https:\/\/transparencia.cfp.org.br\/crp12\/portaria-de-convocacao-para-categoria-da-assembleia-geral-extraordinaria-29-11-2019\/\">Continue lendo<\/a><\/p>\n","protected":false},"author":89,"featured_media":0,"comment_status":"open","ping_status":"open","sticky":false,"template":"","format":"standard","meta":{"footnotes":""},"categories":[1],"tags":[],"class_list":["post-3253","post","type-post","status-publish","format-standard","hentry","category-sem-categoria"],"_links":{"self":[{"href":"https:\/\/transparencia.cfp.org.br\/crp12\/wp-json\/wp\/v2\/posts\/3253","targetHints":{"allow":["GET"]}}],"collection":[{"href":"https:\/\/transparencia.cfp.org.br\/crp12\/wp-json\/wp\/v2\/posts"}],"about":[{"href":"https:\/\/transparencia.cfp.org.br\/crp12\/wp-json\/wp\/v2\/types\/post"}],"author":[{"embeddable":true,"href":"https:\/\/transparencia.cfp.org.br\/crp12\/wp-json\/wp\/v2\/users\/89"}],"replies":[{"embeddable":true,"href":"https:\/\/transparencia.cfp.org.br\/crp12\/wp-json\/wp\/v2\/comments?post=3253"}],"version-history":[{"count":1,"href":"https:\/\/transparencia.cfp.org.br\/crp12\/wp-json\/wp\/v2\/posts\/3253\/revisions"}],"predecessor-version":[{"id":3254,"href":"https:\/\/transparencia.cfp.org.br\/crp12\/wp-json\/wp\/v2\/posts\/3253\/revisions\/3254"}],"wp:attachment":[{"href":"https:\/\/transparencia.cfp.org.br\/crp12\/wp-json\/wp\/v2\/media?parent=3253"}],"wp:term":[{"taxonomy":"category","embeddable":true,"href":"https:\/\/transparencia.cfp.org.br\/crp12\/wp-json\/wp\/v2\/categories?post=3253"},{"taxonomy":"post_tag","embeddable":true,"href":"https:\/\/transparencia.cfp.org.br\/crp12\/wp-json\/wp\/v2\/tags?post=3253"}],"curies":[{"name":"wp","href":"https:\/\/api.w.org\/{rel}","templated":true}]}}