
{"id":2358,"slug":"processo-eleitoral-2019","link":"https:\/\/transparencia.cfp.org.br\/crp12\/eleicao\/processo-eleitoral-2019\/","class_list":["post-2358","eleicao","type-eleicao","status-publish","hentry"],"documentos":[{"file_uploaded":2366,"document_name":"Portaria Comiss\u00e3o Eleitoral (DOU 07\/01\/2019)","link":"https:\/\/transparencia.cfp.org.br\/crp12\/wp-content\/uploads\/sites\/27\/2019\/01\/Publica\u00e7\u00e3o-DOU-Portaria-01-2019-Comiss\u00e3o-Regional-Eleitoral_07.01.2019.pdf"},{"file_uploaded":2365,"document_name":"Ata Assembleia Geral Extraordin\u00e1ria (19\/12\/2018)","link":"https:\/\/transparencia.cfp.org.br\/crp12\/wp-content\/uploads\/sites\/27\/2019\/01\/Ata-Assembleia-Processo-Eleitoral_19-12-2018.pdf"},{"file_uploaded":2364,"document_name":"Edital de Convoca\u00e7\u00e3o Assembleia Geral Extraordin\u00e1ria (DOU 05\/12\/2018)","link":"https:\/\/transparencia.cfp.org.br\/crp12\/wp-content\/uploads\/sites\/27\/2019\/01\/Publica\u00e7\u00e3o-DOU-Edital-de-Convoca\u00e7\u00e3o-Assembleia-Deflagra\u00e7\u00e3o-Processo-Eleitoral-e-Comiss\u00e3o_05.12.2018.pdf"},{"file_uploaded":2362,"document_name":"Resolu\u00e7\u00e3o CFP n\u00ba 16\/2018 - Regimento Eleitoral","link":"https:\/\/transparencia.cfp.org.br\/crp12\/wp-content\/uploads\/sites\/27\/2019\/01\/RESOLUCAO-CFP-16-2018-Regimento-Eleitoral.pdf"},{"file_uploaded":3029,"document_name":"Portaria de Nomea\u00e7\u00e3o da Comiss\u00e3o de Transi\u00e7\u00e3o \u2013 IX Plen\u00e1rio \/ X Plen\u00e1rio (Publicado no DOU em 10\/09\/2019)","link":"https:\/\/transparencia.cfp.org.br\/crp12\/wp-content\/uploads\/sites\/27\/2019\/01\/DOU_10-09-2019-Portaria-48-Nomea\u00e7\u00e3o-Comiss\u00e3o-de-Transi\u00e7\u00e3o-nova-gest\u00e3o-CRP.pdf"},{"file_uploaded":3225,"document_name":"Apura\u00e7\u00e3o Elei\u00e7\u00e3o 2019 - Conselho Regional de Psicologia 12\u00ba Regi\u00e3o ","link":"https:\/\/transparencia.cfp.org.br\/crp12\/wp-content\/uploads\/sites\/27\/2019\/01\/Mapa-de-Apura\u00e7\u00e3o-Elei\u00e7\u00f5es-CRP12-e-CFP.pdf"},{"file_uploaded":3226,"document_name":"Homologa\u00e7\u00e3o do Processo Eleitoral do CRP-12 - Parecer Comiss\u00e3o Eleitoral Regular","link":"https:\/\/transparencia.cfp.org.br\/crp12\/wp-content\/uploads\/sites\/27\/2019\/01\/CFP-Parecer-Homologa\u00e7\u00e3o-20-09-2019.pdf"},{"file_uploaded":3230,"document_name":"Termo de Posse - X Plen\u00e1rio","link":"https:\/\/transparencia.cfp.org.br\/crp12\/wp-content\/uploads\/sites\/27\/2019\/01\/Ata-Posse-do-X-Plen\u00e1rio-Tri\u00eanio-2019-2022.pdf"},{"file_uploaded":3231,"document_name":"Ata de Elei\u00e7\u00e3o e Posse da Diretoria","link":"https:\/\/transparencia.cfp.org.br\/crp12\/wp-content\/uploads\/sites\/27\/2019\/01\/Ata-I-Reuni\u00e3o-Plen\u00e1ria-27-de-setembro-de-2019-Elei\u00e7\u00e3o-de-Diretoria-X-Plen\u00e1rio.pdf"}],"titulo":"Processo Eleitoral 2019","conteudo":"Chapa \u2013 Pra Defender a Psicologia: 1.826 votos\nChapa \u2013 Fortalecer e Valorizar a Profiss\u00e3o: 2.056 votos\nBrancos: 131 votos\nNulos: 219 votos\nTotal de Votantes: 4.232 votos\n"}