
{"id":5311,"slug":"processo-seletivo-interno-02-2024","link":"https:\/\/transparencia.cfp.org.br\/crp12\/concurso\/processo-seletivo-interno-02-2024\/","class_list":["post-5311","concurso","type-concurso","status-publish","hentry"],"titulo":"Processo Seletivo Interno 02\/2024","conteudo":"O CONSELHO REGIONAL DE PSICOLOGIA \u2013 12\u00aa REGI\u00c3O \u2013 CRP-12, Autarquia Federal institu\u00edda pela Lei n\u00ba. 5.766, de 20 de dezembro de 1971, que por delega\u00e7\u00e3o do poder p\u00fablico exerce o servi\u00e7o de fiscaliza\u00e7\u00e3o da profiss\u00e3o de psic\u00f3logo, com sede na Rua Professor Bayer Filho, 110, Florian\u00f3polis, Santa Catarina, inscrito no Minist\u00e9rio da Fazenda com o CNPJ N\u00ba. 37.115.508\/0001-45, neste ato representado por sua Conselheira-Presidente YARA MARIA MOREIRA DE FARIA HORNKE, brasileira, psic\u00f3loga, portadora da C\u00e9dula de Identidade Profissional CRP-SC\/08685, inscrita no Cadastro de Pessoas F\u00edsicas sob o n\u00b0 084.048.538-78, no uso de suas atribui\u00e7\u00f5es legais, torna p\u00fablica a realiza\u00e7\u00e3o do PROCESSO SELETIVO INTERNO N\u00ba 02\/2024, para fins de selecionar funcion\u00e1rio efetivo do CRP-12 para ocupar o Cargo em Comiss\u00e3o denominado Coordenadora T\u00e9cnica.\n","documentos":[{"file_uploaded":5315,"document_name":"Edital Completo","link":"https:\/\/transparencia.cfp.org.br\/crp12\/wp-content\/uploads\/sites\/27\/2024\/06\/EDITAL-022024_COTEC-1.pdf"},{"file_uploaded":5337,"document_name":"Errata","link":"https:\/\/transparencia.cfp.org.br\/crp12\/wp-content\/uploads\/sites\/27\/2024\/06\/ERRATA-1.pdf"},{"file_uploaded":5343,"document_name":"Inscri\u00e7\u00f5es homologadas","link":"https:\/\/transparencia.cfp.org.br\/crp12\/wp-content\/uploads\/sites\/27\/2024\/06\/Inscricoes-homologadas.pdf"},{"file_uploaded":5349,"document_name":"Resultado Preliminar da primeira fase","link":"https:\/\/transparencia.cfp.org.br\/crp12\/wp-content\/uploads\/sites\/27\/2024\/06\/RESULTADO-PRELIMINAR-PRIMEIRA-ETAPA.pdf"},{"file_uploaded":5353,"document_name":"Resultado definitivo e convoca\u00e7\u00e3o entrevista","link":"https:\/\/transparencia.cfp.org.br\/crp12\/wp-content\/uploads\/sites\/27\/2024\/06\/Definitivo-e-entrevistas.pdf"},{"file_uploaded":5356,"document_name":"Resultado Preliminar da segunda etapa","link":"https:\/\/transparencia.cfp.org.br\/crp12\/wp-content\/uploads\/sites\/27\/2024\/06\/Resultado-Preliminar-da-Segunda-Etapa.pdf"},{"file_uploaded":5357,"document_name":"Resultado definitivo","link":"https:\/\/transparencia.cfp.org.br\/crp12\/wp-content\/uploads\/sites\/27\/2024\/06\/RESULTADO-DEFINITIVO-1.pdf"}]}