
{"id":1922,"slug":"edital-de-processo-seletivo-simplificado-no-0032017","link":"https:\/\/transparencia.cfp.org.br\/crp12\/concurso\/edital-de-processo-seletivo-simplificado-no-0032017\/","class_list":["post-1922","concurso","type-concurso","status-publish","hentry"],"titulo":"Edital de Processo Seletivo Simplificado n\u00ba 003\/2017","conteudo":"RESULTADO DA PRIMEIRA FASE \nPROCESSO SELETIVO SIMPLIFICADO N\u00ba 003\/2017\nO CONSELHO REGIONAL DE PSICOLOGIA \u2013 12\u00aa REGI\u00c3O \u2013 CRP-12, Autarquia Federal institu\u00edda pela Lei n\u00ba. 5.766, de 20 de dezembro de 1971, que por delega\u00e7\u00e3o do poder p\u00fablico exerce o servi\u00e7o de fiscaliza\u00e7\u00e3o da profiss\u00e3o de psic\u00f3logo, com sede na Rua Professor Bayer Filho, 110, Florian\u00f3polis, Santa Catarina, inscrito no Minist\u00e9rio da Fazenda com o CNPJ N\u00ba. 37.115.508\/0001-45, neste ato representado por sua Conselheira-Presidenta JAIRA TEREZINHA DA SILVA RODRIGUES, brasileira, psic\u00f3loga, portadora da C\u00e9dula de Identidade n\u00ba. 1051069571 e inscrita no CPF\/MF sob o n\u00ba. 528.732.939-34, no uso de suas atribui\u00e7\u00f5es legais, torna p\u00fablica a realiza\u00e7\u00e3o do\u00a0PROCESSO SELETIVO SIMPLIFICADO, para fins de\u00a0CONTRATA\u00c7\u00c3O TEMPOR\u00c1RIA de excepcional interesse p\u00fablico, conforme artigo 37, inciso IX, da Constitui\u00e7\u00e3o Federal, conforme as vagas descritas no anexo I do referido Edital.\n1\u00aa \u2013 Mariane de Souza Campos\n2\u00aa \u2013 Josiane Peres da Silva\n","documentos":[{"file_uploaded":1939,"document_name":"Processo Seletivo Simplificado 03\/2017","link":"https:\/\/transparencia.cfp.org.br\/crp12\/wp-content\/uploads\/sites\/27\/2017\/11\/Processo-Simplificado-n.\u00ba-03.2017-1.pdf"},{"file_uploaded":1963,"document_name":"Convoca\u00e7\u00e3o 2\u00aa Fase_Processo Seletivo","link":"https:\/\/transparencia.cfp.org.br\/crp12\/wp-content\/uploads\/sites\/27\/2017\/11\/Convoca\u00e7\u00e3o-2\u00aa-fase_processo-seletivo-2.pdf"},{"file_uploaded":1965,"document_name":"Resultado final - 2\u00aa fase_Processo Seletivo","link":"https:\/\/transparencia.cfp.org.br\/crp12\/wp-content\/uploads\/sites\/27\/2017\/11\/Resultado-final-2\u00aa-fase_003.2017.pdf"}]}