
{"id":3084,"slug":"atas-x-plenario","link":"https:\/\/transparencia.cfp.org.br\/crp12\/ata\/atas-x-plenario\/","class_list":["post-3084","ata","type-ata","status-publish","hentry","ata_reuniao-plenaria"],"documentos":[{"file_uploaded":3085,"document_name":"Ata Posse do X Plen\u00e1rio - Tri\u00eanio 2019-2022","link":"https:\/\/transparencia.cfp.org.br\/crp12\/wp-content\/uploads\/sites\/27\/2019\/10\/10-Ata-Posse-do-X-Plen\u00e1rio-Tri\u00eanio-2019-2022.pdf"},{"file_uploaded":3086,"document_name":"Ata I Reuni\u00e3o Plen\u00e1ria 27 de setembro de 2019  - Elei\u00e7\u00e3o de Diretoria X Plen\u00e1rio","link":"https:\/\/transparencia.cfp.org.br\/crp12\/wp-content\/uploads\/sites\/27\/2019\/10\/11-Ata-I-Reuni\u00e3o-Plen\u00e1ria-27-de-setembro-de-2019-Elei\u00e7\u00e3o-de-Diretoria-X-Plen\u00e1rio.pdf"},{"file_uploaded":3445,"document_name":"Ata I Reuni\u00e3o Plen\u00e1ria 27 de setembro de 2019  ","link":"https:\/\/transparencia.cfp.org.br\/crp12\/wp-content\/uploads\/sites\/27\/2019\/10\/01-ATA-DA-I-REUNI\u00c3O-PLEN\u00c1RIA-ORDIN\u00c1RIA-DO-X-PLEN\u00c1RIO-REALIZADA-NO-DIA-27-DE-SETEMBRO-DE-2019..pdf"},{"file_uploaded":3446,"document_name":"Ata da I Reuni\u00e3o Plen\u00e1ria Extraordin\u00e1ria do dia 28 de setembro de 2019  ","link":"https:\/\/transparencia.cfp.org.br\/crp12\/wp-content\/uploads\/sites\/27\/2019\/10\/1-ATA-DA-I-REUNI\u00c3O-PLEN\u00c1RIA-EXTRAORDIN\u00c1RIA-DO-X-PLEN\u00c1RIO-REALIZADA-NO-DIA-28-DE-SETEMBRO-DE-2019.pdf"},{"file_uploaded":3447,"document_name":"Ata II Reuni\u00e3o Plen\u00e1ria Ordin\u00e1ria do dia 19 de outubro de 2019  ","link":"https:\/\/transparencia.cfp.org.br\/crp12\/wp-content\/uploads\/sites\/27\/2019\/10\/2-ATA-DA-II-REUNI\u00c3O-PLEN\u00c1RIA-ORDIN\u00c1RIA-DO-X-PLEN\u00c1RIO-REALIZADA-NO-DIA-19-DE-OUTUBRO-DE-2019.pdf"},{"file_uploaded":3448,"document_name":"Ata da II Reuni\u00e3o Plen\u00e1ria Extraordin\u00e1ria do dia 18 de outubro de 2019  ","link":"https:\/\/transparencia.cfp.org.br\/crp12\/wp-content\/uploads\/sites\/27\/2019\/10\/2-ATA-DA-II-REUNI\u00c3O-PLEN\u00c1RIA-EXTRAORDIN\u00c1RIA-DO-X-PLEN\u00c1RIO-REALIZADA-NO-DIA-18-DE-OUTUBRO-DE-2019.pdf"},{"file_uploaded":3449,"document_name":"Ata III Reuni\u00e3o Plen\u00e1ria Ordin\u00e1ria do dia 30 de novembro de 2019  ","link":"https:\/\/transparencia.cfp.org.br\/crp12\/wp-content\/uploads\/sites\/27\/2019\/10\/03-ATA-DA-III-REUNI\u00c3O-PLEN\u00c1RIA-ORDIN\u00c1RIA-DO-X-PLEN\u00c1RIO-REALIZADA-NO-DIA-30-DE-NOVEMBRO-DE-2019..pdf"},{"file_uploaded":3450,"document_name":"Ata IV Reuni\u00e3o Plen\u00e1ria Ordin\u00e1ria do dia 01 de dezembro de 2019  ","link":"https:\/\/transparencia.cfp.org.br\/crp12\/wp-content\/uploads\/sites\/27\/2019\/10\/04-ATA-DA-IV-REUNI\u00c3O-PLEN\u00c1RIA-ORDIN\u00c1RIA-DO-X-PLEN\u00c1RIO-REALIZADA-NO-DIA-01-DE-DEZEMBRO-DE-2019..pdf"}],"_ata_reuniao":[{"id":27,"nome":"Plen\u00e1ria","slug":"plenaria","link":"https:\/\/dev-transparencia.cfp.org.br\/wp-json\/wp\/v2\/ata?atareuniao=plenaria"}],"titulo":"2019 Plen\u00e1rias Ordin\u00e1rias\/Extraordin\u00e1rias X Plen\u00e1rio","conteudo":""}