
{"id":2536,"slug":"planos-de-acao","link":"https:\/\/transparencia.cfp.org.br\/crp11\/planejamento\/planos-de-acao\/","class_list":["post-2536","planejamento","type-planejamento","status-publish","hentry","planejamento_relatorio-planos-de-acao-e-orcamento"],"documentos":[{"file_uploaded":5773,"document_name":"Plano de A\u00e7\u00e3o 2024","link":"https:\/\/transparencia.cfp.org.br\/crp11\/wp-content\/uploads\/sites\/26\/2019\/01\/PLANO-DE-TRABALHO-2024.pdf"},{"file_uploaded":5231,"document_name":"Plano de A\u00e7\u00e3o 2023","link":"https:\/\/transparencia.cfp.org.br\/crp11\/wp-content\/uploads\/sites\/26\/2022\/09\/Plano-de-acao-2023.pdf"},{"file_uploaded":4846,"document_name":"Plano de A\u00e7\u00e3o 2022","link":"https:\/\/transparencia.cfp.org.br\/crp11\/wp-content\/uploads\/sites\/26\/2019\/01\/Plano-de-Acao-2022-0-assinado.pdf"},{"file_uploaded":3522,"document_name":"Plano de A\u00e7\u00e3o 2021","link":"https:\/\/transparencia.cfp.org.br\/crp11\/wp-content\/uploads\/sites\/26\/2019\/01\/Plano-de-Acao-2021-INPC-20507.pdf"},{"file_uploaded":3521,"document_name":"Plano de A\u00e7\u00e3o 2020","link":"https:\/\/transparencia.cfp.org.br\/crp11\/wp-content\/uploads\/sites\/26\/2019\/01\/PLANO-DE-ACAO-2020.pdf"},{"file_uploaded":2537,"document_name":"Plano de A\u00e7\u00e3o 2019","link":"https:\/\/transparencia.cfp.org.br\/crp11\/wp-content\/uploads\/sites\/26\/2019\/01\/PLANO-DE-A\u00c7\u00c3O-2019.pdf"},{"file_uploaded":2543,"document_name":"Plano de A\u00e7\u00e3o 2018","link":"https:\/\/transparencia.cfp.org.br\/crp11\/wp-content\/uploads\/sites\/26\/2019\/01\/Plano-de-A\u00e7\u00e3o-2018.pdf"},{"file_uploaded":2544,"document_name":"Plano de A\u00e7\u00e3o 2017","link":"https:\/\/transparencia.cfp.org.br\/crp11\/wp-content\/uploads\/sites\/26\/2019\/01\/Plano-de-A\u00e7\u00e3o-2017.pdf"},{"file_uploaded":3520,"document_name":"Plano de A\u00e7\u00e3o 2016","link":"https:\/\/transparencia.cfp.org.br\/crp11\/wp-content\/uploads\/sites\/26\/2019\/01\/Plano_de_Acao_CRP11_2016-03-Quadro-Atual-1.pdf"},{"file_uploaded":2545,"document_name":"Plano de A\u00e7\u00e3o 2015","link":"https:\/\/transparencia.cfp.org.br\/crp11\/wp-content\/uploads\/sites\/26\/2019\/01\/Plano-de-A\u00e7\u00e3o-2015.pdf"},{"file_uploaded":2546,"document_name":"Plano de A\u00e7\u00e3o 2014","link":"https:\/\/transparencia.cfp.org.br\/crp11\/wp-content\/uploads\/sites\/26\/2019\/01\/Plano-de-A\u00e7ao-2014.pdf"},{"file_uploaded":2547,"document_name":"Plano de A\u00e7\u00e3o 2013","link":"https:\/\/transparencia.cfp.org.br\/crp11\/wp-content\/uploads\/sites\/26\/2019\/01\/Plano-de-a\u00e7ao-2013.pdf"},{"file_uploaded":2548,"document_name":"Plano de A\u00e7\u00e3o 2012","link":"https:\/\/transparencia.cfp.org.br\/crp11\/wp-content\/uploads\/sites\/26\/2019\/01\/Plano-de-A\u00e7\u00e3o-2012.pdf"}],"_planejamento_relatorio":[{"id":26,"nome":"Planos de A\u00e7\u00e3o e Or\u00e7amento","slug":"planos-de-acao-e-orcamento","link":"https:\/\/dev-transparencia.cfp.org.br\/wp-json\/wp\/v2\/planejamento?planejamentorelatorio=planos-de-acao-e-orcamento"}],"titulo":"Planos de A\u00e7\u00e3o","conteudo":"Plano de A\u00e7\u00e3o\u00a0do Conselho Regional de Psicologia da D\u00e9cima Primeira Regi\u00e3o.\n"}