
{"id":2528,"slug":"relatorios-ao-tcu","link":"https:\/\/transparencia.cfp.org.br\/crp11\/planejamento\/relatorios-ao-tcu\/","class_list":["post-2528","planejamento","type-planejamento","status-publish","hentry","planejamento_relatorio-relatorios-de-gestao"],"documentos":[{"file_uploaded":6219,"document_name":"Relat\u00f3rio de Gest\u00e3o ao TCU 2025","link":"https:\/\/transparencia.cfp.org.br\/crp11\/wp-content\/uploads\/sites\/26\/2019\/01\/RELATORIO_DE_GESTAO___2025.pdf"},{"file_uploaded":6220,"document_name":"Relat\u00f3rio de Gest\u00e3o ao TCU 2024","link":"https:\/\/transparencia.cfp.org.br\/crp11\/wp-content\/uploads\/sites\/26\/2019\/01\/RELATORIO-DE-GESTAO-2024.pdf"},{"file_uploaded":5811,"document_name":"Relat\u00f3rio de Gest\u00e3o ao TCU 2023","link":"https:\/\/transparencia.cfp.org.br\/crp11\/wp-content\/uploads\/sites\/26\/2019\/01\/RELATO-INTEGRADO-2023.pdf"},{"file_uploaded":5513,"document_name":"Relat\u00f3rio de Gest\u00e3o ao TCU 2022","link":"https:\/\/transparencia.cfp.org.br\/crp11\/wp-content\/uploads\/sites\/26\/2019\/01\/TCU_-2022.pdf"},{"file_uploaded":5056,"document_name":"Relat\u00f3rio de Gest\u00e3o ao TCU 2021","link":"https:\/\/transparencia.cfp.org.br\/crp11\/wp-content\/uploads\/sites\/26\/2019\/01\/Relatorio-Integrado-TCU-2021-FINAL.pdf"},{"file_uploaded":4316,"document_name":"Relat\u00f3rio de Gest\u00e3o ao TCU 2020","link":"https:\/\/transparencia.cfp.org.br\/crp11\/wp-content\/uploads\/sites\/26\/2019\/01\/Relatorio-Integrado-TCU-2020.pdf"},{"file_uploaded":3588,"document_name":"Relat\u00f3rio de Gest\u00e3o ao TCU 2019","link":"https:\/\/transparencia.cfp.org.br\/crp11\/wp-content\/uploads\/sites\/26\/2019\/01\/Relatorio-Gestao-2019-CRP-11.pdf"},{"file_uploaded":3112,"document_name":"Relat\u00f3rio de Gest\u00e3o ao TCU 2018","link":"https:\/\/transparencia.cfp.org.br\/crp11\/wp-content\/uploads\/sites\/26\/2019\/01\/Relat\u00f3rio-Integrado-TCU-2018..pdf"},{"file_uploaded":2533,"document_name":"Relat\u00f3rio de Gest\u00e3o ao TCU 2017","link":"https:\/\/transparencia.cfp.org.br\/crp11\/wp-content\/uploads\/sites\/26\/2019\/01\/RG-CRP-11-2017-RelatorioGestao.pdf"},{"file_uploaded":2532,"document_name":"Relat\u00f3rio de Gest\u00e3o ao TCU 2016","link":"https:\/\/transparencia.cfp.org.br\/crp11\/wp-content\/uploads\/sites\/26\/2019\/01\/RG-CRP-11-2016-RelatorioGestao.pdf"},{"file_uploaded":2531,"document_name":"Relat\u00f3rio de Gest\u00e3o ao TCU 2015","link":"https:\/\/transparencia.cfp.org.br\/crp11\/wp-content\/uploads\/sites\/26\/2019\/01\/RG-CRP-11-2015-RelatorioGestao.pdf"},{"file_uploaded":2530,"document_name":"Relat\u00f3rio de Gest\u00e3o ao TCU 2014","link":"https:\/\/transparencia.cfp.org.br\/crp11\/wp-content\/uploads\/sites\/26\/2019\/01\/RG-CRP-11-2014-RelatorioGestao.pdf"},{"file_uploaded":2529,"document_name":"Relat\u00f3rio de Gest\u00e3o ao TCU 2013","link":"https:\/\/transparencia.cfp.org.br\/crp11\/wp-content\/uploads\/sites\/26\/2019\/01\/RG-CRP-11-2013-RelatorioGestao.pdf"}],"_planejamento_relatorio":[{"id":53,"nome":"Relat\u00f3rios de Gest\u00e3o","slug":"relatorios-de-gestao","link":"https:\/\/dev-transparencia.cfp.org.br\/wp-json\/wp\/v2\/planejamento?planejamentorelatorio=relatorios-de-gestao"}],"titulo":"Relat\u00f3rios de Gest\u00e3o ao TCU","conteudo":""}