
{"id":5533,"slug":"balanco-orcamentario-2023","link":"https:\/\/transparencia.cfp.org.br\/crp11\/financa\/balanco-orcamentario-2023\/","class_list":["post-5533","financa","type-financa","status-publish","hentry","financa_demonstrativo-balanco-orcamentario"],"documentos":[{"file_uploaded":5551,"document_name":"Balan\u00e7o Or\u00e7ament\u00e1rio 01.2023","link":"https:\/\/transparencia.cfp.org.br\/crp11\/wp-content\/uploads\/sites\/26\/2023\/04\/Balanco-Orcamentario-01.2023-1.pdf"},{"file_uploaded":5558,"document_name":"Balan\u00e7o Or\u00e7ament\u00e1rio 02.2023","link":"https:\/\/transparencia.cfp.org.br\/crp11\/wp-content\/uploads\/sites\/26\/2023\/04\/BalancoOrcamentario-02.2023.pdf"},{"file_uploaded":5601,"document_name":"Balan\u00e7o Or\u00e7ament\u00e1rio 03.2023","link":"https:\/\/transparencia.cfp.org.br\/crp11\/wp-content\/uploads\/sites\/26\/2023\/04\/BalancoOrcamentario.pdf"},{"file_uploaded":5602,"document_name":"Balan\u00e7o Or\u00e7ament\u00e1rio 04.2023","link":"https:\/\/transparencia.cfp.org.br\/crp11\/wp-content\/uploads\/sites\/26\/2023\/04\/BalancoOrcamentario-abr.pdf"},{"file_uploaded":5650,"document_name":"Balan\u00e7o Or\u00e7ament\u00e1rio 05.2023","link":"https:\/\/transparencia.cfp.org.br\/crp11\/wp-content\/uploads\/sites\/26\/2023\/04\/BalancoOrcamentario052023.pdf"},{"file_uploaded":5663,"document_name":"Balan\u00e7o Or\u00e7ament\u00e1rio 06.2023","link":"https:\/\/transparencia.cfp.org.br\/crp11\/wp-content\/uploads\/sites\/26\/2023\/04\/BalancoOrcamentario062023.pdf"},{"file_uploaded":5701,"document_name":"Balan\u00e7o Or\u00e7ament\u00e1rio 07.2023","link":"https:\/\/transparencia.cfp.org.br\/crp11\/wp-content\/uploads\/sites\/26\/2023\/04\/balancoorcamentario-07.2023.pdf"},{"file_uploaded":5722,"document_name":"Balan\u00e7o Or\u00e7ament\u00e1rio 08.2023","link":"https:\/\/transparencia.cfp.org.br\/crp11\/wp-content\/uploads\/sites\/26\/2023\/04\/BalancoOrcamentario082023.pdf"},{"file_uploaded":5739,"document_name":"Balan\u00e7o Or\u00e7ament\u00e1rio 09.2023","link":"https:\/\/transparencia.cfp.org.br\/crp11\/wp-content\/uploads\/sites\/26\/2023\/04\/BalancoOrcamentario09.pdf"},{"file_uploaded":5745,"document_name":"Balan\u00e7o Or\u00e7ament\u00e1rio 10.2023","link":"https:\/\/transparencia.cfp.org.br\/crp11\/wp-content\/uploads\/sites\/26\/2023\/04\/BalancoOrcamentario10.2023-1.pdf"},{"file_uploaded":5759,"document_name":"Balan\u00e7o Or\u00e7ament\u00e1rio 11.2023","link":"https:\/\/transparencia.cfp.org.br\/crp11\/wp-content\/uploads\/sites\/26\/2023\/04\/BalancoOrcamentario112023.pdf"},{"file_uploaded":5807,"document_name":"Balan\u00e7o Or\u00e7ament\u00e1rio 2023","link":"https:\/\/transparencia.cfp.org.br\/crp11\/wp-content\/uploads\/sites\/26\/2023\/04\/BalancoOrcamentario2023_assinado.pdf"}],"_financa_demonstrativo":[{"id":6,"nome":"Balan\u00e7o Or\u00e7ament\u00e1rio","slug":"balanco-orcamentario","link":"https:\/\/dev-transparencia.cfp.org.br\/wp-json\/wp\/v2\/financa?financademonstrativo=balanco-orcamentario"}],"titulo":"Balan\u00e7o Or\u00e7ament\u00e1rio 2023","conteudo":"Balan\u00e7o Or\u00e7ament\u00e1rio do Conselho Regional de Psicologia da 11\u00aa Regi\u00e3o referente ao exerc\u00edcio de 2023.\n\u00a0\n"}