
{"id":2855,"slug":"variacoes-patrimoniais","link":"https:\/\/transparencia.cfp.org.br\/crp11\/financa\/variacoes-patrimoniais\/","class_list":["post-2855","financa","type-financa","status-publish","hentry","financa_demonstrativo-variacoes-patrimoniais"],"documentos":[{"file_uploaded":2856,"document_name":"Varia\u00e7\u00f5es Patrimoniais  01.2019","link":"https:\/\/transparencia.cfp.org.br\/crp11\/wp-content\/uploads\/sites\/26\/2019\/06\/Variacoes-Patrimoniais-01.2019.pdf"},{"file_uploaded":2857,"document_name":"Varia\u00e7\u00f5es Patrimoniais 02.2019","link":"https:\/\/transparencia.cfp.org.br\/crp11\/wp-content\/uploads\/sites\/26\/2019\/06\/Variacoes-Patrimoniais-02.2019.pdf"},{"file_uploaded":2858,"document_name":"Varia\u00e7\u00f5es Patrimoniais 03.2019","link":"https:\/\/transparencia.cfp.org.br\/crp11\/wp-content\/uploads\/sites\/26\/2019\/06\/Variacoes-Patrimoniais-03.2019.pdf"},{"file_uploaded":2942,"document_name":"Varia\u00e7\u00f5es Patrimoniais 04.2019","link":"https:\/\/transparencia.cfp.org.br\/crp11\/wp-content\/uploads\/sites\/26\/2019\/06\/Varia\u00e7\u00f5es-Patrimoniais-04.2019.pdf"},{"file_uploaded":2943,"document_name":"Varia\u00e7\u00f5es Patrimoniais 05.2019","link":"https:\/\/transparencia.cfp.org.br\/crp11\/wp-content\/uploads\/sites\/26\/2019\/06\/Varia\u00e7\u00f5es-Patrimoniais-05.2019.pdf"},{"file_uploaded":2944,"document_name":"Varia\u00e7\u00f5es Patrimoniais 06.2019","link":"https:\/\/transparencia.cfp.org.br\/crp11\/wp-content\/uploads\/sites\/26\/2019\/06\/Varia\u00e7\u00f5es-Patrimoniais-06.2019.pdf"},{"file_uploaded":2945,"document_name":"Varia\u00e7\u00f5es Patrimoniais 07.2019","link":"https:\/\/transparencia.cfp.org.br\/crp11\/wp-content\/uploads\/sites\/26\/2019\/06\/Varia\u00e7\u00f5es-Patrimoniais-07.2019.pdf"},{"file_uploaded":2946,"document_name":"Varia\u00e7\u00f5es Patrimoniais 08.2019","link":"https:\/\/transparencia.cfp.org.br\/crp11\/wp-content\/uploads\/sites\/26\/2019\/06\/Varia\u00e7\u00f5es-Patrimoniais-08.2019.pdf"},{"file_uploaded":3434,"document_name":"Varia\u00e7\u00f5es Patrimoniais 09.2019","link":"https:\/\/transparencia.cfp.org.br\/crp11\/wp-content\/uploads\/sites\/26\/2019\/06\/Variacoes-Patrimoniais-09.2019.pdf"},{"file_uploaded":3435,"document_name":"Varia\u00e7\u00f5es Patrimoniais 10.2019","link":"https:\/\/transparencia.cfp.org.br\/crp11\/wp-content\/uploads\/sites\/26\/2019\/06\/Variacoes-Patrimoniais-10.2019.pdf"},{"file_uploaded":3437,"document_name":"Varia\u00e7\u00f5es Patrimoniais 11.2019","link":"https:\/\/transparencia.cfp.org.br\/crp11\/wp-content\/uploads\/sites\/26\/2019\/06\/Variacoes-Patrimoniais-11.2019.pdf"},{"file_uploaded":3438,"document_name":"Varia\u00e7\u00f5es Patrimoniais 12.2019","link":"https:\/\/transparencia.cfp.org.br\/crp11\/wp-content\/uploads\/sites\/26\/2019\/06\/Variacoes-Patrimoniais-12.2019.pdf"}],"_financa_demonstrativo":[{"id":40,"nome":"Varia\u00e7\u00f5es Patrimoniais","slug":"variacoes-patrimoniais","link":"https:\/\/dev-transparencia.cfp.org.br\/wp-json\/wp\/v2\/financa?financademonstrativo=variacoes-patrimoniais"}],"titulo":"Varia\u00e7\u00f5es Patrimoniais 2019","conteudo":"Varia\u00e7\u00f5es Patrimoniais do Conselho Regional de Psicologia da 11\u00aa Regi\u00e3o referente ao exerc\u00edcio de 2019.\n"}