
{"id":2841,"slug":"balanco-orcamentario-01-2019","link":"https:\/\/transparencia.cfp.org.br\/crp11\/financa\/balanco-orcamentario-01-2019\/","class_list":["post-2841","financa","type-financa","status-publish","hentry","financa_demonstrativo-balanco-orcamentario"],"documentos":[{"file_uploaded":2842,"document_name":"Balan\u00e7o Or\u00e7ament\u00e1rio 01.2019","link":"https:\/\/transparencia.cfp.org.br\/crp11\/wp-content\/uploads\/sites\/26\/2019\/06\/Balanco-Orcamentario-01.2019.pdf"},{"file_uploaded":2843,"document_name":"Balan\u00e7o Or\u00e7ament\u00e1rio 02.2019","link":"https:\/\/transparencia.cfp.org.br\/crp11\/wp-content\/uploads\/sites\/26\/2019\/06\/Balanco-Orcamentario-02.2019.pdf"},{"file_uploaded":2844,"document_name":"Balan\u00e7o Or\u00e7ament\u00e1rio 03.2019","link":"https:\/\/transparencia.cfp.org.br\/crp11\/wp-content\/uploads\/sites\/26\/2019\/06\/Balanco-Orcamentario-03.2019.pdf"},{"file_uploaded":2963,"document_name":"Balanco Or\u00e7ament\u00e1rio 04.2019","link":"https:\/\/transparencia.cfp.org.br\/crp11\/wp-content\/uploads\/sites\/26\/2019\/06\/Balanco-Orcamentario-04.2019.pdf"},{"file_uploaded":2962,"document_name":"Balanco Or\u00e7ament\u00e1rio 05.2019","link":"https:\/\/transparencia.cfp.org.br\/crp11\/wp-content\/uploads\/sites\/26\/2019\/06\/Balanco-Orcamentario-05.2019.pdf"},{"file_uploaded":2964,"document_name":"Balanco Or\u00e7ament\u00e1rio 06.2019","link":"https:\/\/transparencia.cfp.org.br\/crp11\/wp-content\/uploads\/sites\/26\/2019\/06\/Balanco-Orcamentario-06.2019.pdf"},{"file_uploaded":2965,"document_name":"Balanco Or\u00e7ament\u00e1rio 07.2019","link":"https:\/\/transparencia.cfp.org.br\/crp11\/wp-content\/uploads\/sites\/26\/2019\/06\/Balanco-Orcamentario-07.2019.pdf"},{"file_uploaded":2966,"document_name":"Balanco Or\u00e7ament\u00e1rio 08.2019","link":"https:\/\/transparencia.cfp.org.br\/crp11\/wp-content\/uploads\/sites\/26\/2019\/06\/Balanco-Orcamentario-08.2019.pdf"},{"file_uploaded":3416,"document_name":"Balanco Or\u00e7ament\u00e1rio 09.2019","link":"https:\/\/transparencia.cfp.org.br\/crp11\/wp-content\/uploads\/sites\/26\/2019\/06\/Balanco-Orcamentario-09.2019.pdf"},{"file_uploaded":3418,"document_name":"Balanco Or\u00e7ament\u00e1rio 10.2019","link":"https:\/\/transparencia.cfp.org.br\/crp11\/wp-content\/uploads\/sites\/26\/2019\/06\/Balanco-Orcamentario-10.2019.pdf"},{"file_uploaded":3419,"document_name":"Balanco Or\u00e7ament\u00e1rio 11.2019","link":"https:\/\/transparencia.cfp.org.br\/crp11\/wp-content\/uploads\/sites\/26\/2019\/06\/Balanco-Orcamentario-11.2019.pdf"},{"file_uploaded":3420,"document_name":"Balanco Or\u00e7ament\u00e1rio 12.2019","link":"https:\/\/transparencia.cfp.org.br\/crp11\/wp-content\/uploads\/sites\/26\/2019\/06\/Balanco-Orcamentario-12.2019.pdf"}],"_financa_demonstrativo":[{"id":6,"nome":"Balan\u00e7o Or\u00e7ament\u00e1rio","slug":"balanco-orcamentario","link":"https:\/\/dev-transparencia.cfp.org.br\/wp-json\/wp\/v2\/financa?financademonstrativo=balanco-orcamentario"}],"titulo":"Balan\u00e7o Or\u00e7ament\u00e1rio 2019","conteudo":"Balan\u00e7o Or\u00e7ament\u00e1rio do Conselho Regional de Psicologia \u00a0da 11\u00aa Regi\u00e3o referente ao exerc\u00edcio de 2019.\n"}