
{"id":2704,"slug":"balanco-orcamentario-2018","link":"https:\/\/transparencia.cfp.org.br\/crp11\/financa\/balanco-orcamentario-2018\/","class_list":["post-2704","financa","type-financa","status-publish","hentry","financa_demonstrativo-balanco-orcamentario"],"documentos":[{"file_uploaded":2705,"document_name":"Balan\u00e7o Or\u00e7ament\u00e1rio 01.2018","link":"https:\/\/transparencia.cfp.org.br\/crp11\/wp-content\/uploads\/sites\/26\/2019\/01\/BalancoOrcamentario-01.2018.pdf"},{"file_uploaded":2707,"document_name":"Balan\u00e7o Or\u00e7ament\u00e1rio 02.2018","link":"https:\/\/transparencia.cfp.org.br\/crp11\/wp-content\/uploads\/sites\/26\/2019\/01\/BalancoOrcamentario-02.2018-1.pdf"},{"file_uploaded":2708,"document_name":"Balan\u00e7o Or\u00e7ament\u00e1rio 03.2018","link":"https:\/\/transparencia.cfp.org.br\/crp11\/wp-content\/uploads\/sites\/26\/2019\/01\/BalancoOrcamentario-03.2018.pdf"},{"file_uploaded":2709,"document_name":"Balan\u00e7o Or\u00e7ament\u00e1rio 04.2018","link":"https:\/\/transparencia.cfp.org.br\/crp11\/wp-content\/uploads\/sites\/26\/2019\/01\/BalancoOrcamentario-04.2018.pdf"},{"file_uploaded":2710,"document_name":"Balan\u00e7o Or\u00e7ament\u00e1rio 05.2018","link":"https:\/\/transparencia.cfp.org.br\/crp11\/wp-content\/uploads\/sites\/26\/2019\/01\/BalancoOrcamentario-05.2018.pdf"},{"file_uploaded":2711,"document_name":"Balan\u00e7o Or\u00e7ament\u00e1rio 06.2018","link":"https:\/\/transparencia.cfp.org.br\/crp11\/wp-content\/uploads\/sites\/26\/2019\/01\/BalancoOrcamentario-06.2018.pdf"},{"file_uploaded":2712,"document_name":"Balan\u00e7o Or\u00e7ament\u00e1rio 07.2018","link":"https:\/\/transparencia.cfp.org.br\/crp11\/wp-content\/uploads\/sites\/26\/2019\/01\/BalancoOrcamentario-07.2018.pdf"},{"file_uploaded":2713,"document_name":"Balan\u00e7o Or\u00e7ament\u00e1rio 08.2018","link":"https:\/\/transparencia.cfp.org.br\/crp11\/wp-content\/uploads\/sites\/26\/2019\/01\/BalancoOrcamentario-08.2018.pdf"},{"file_uploaded":2714,"document_name":"Balan\u00e7o Or\u00e7ament\u00e1rio 09.2018","link":"https:\/\/transparencia.cfp.org.br\/crp11\/wp-content\/uploads\/sites\/26\/2019\/01\/BalancoOrcamentario-09.2018.pdf"},{"file_uploaded":2715,"document_name":"Balan\u00e7o Or\u00e7ament\u00e1rio 10.2018","link":"https:\/\/transparencia.cfp.org.br\/crp11\/wp-content\/uploads\/sites\/26\/2019\/01\/BalancoOrcamentario-10.2018.pdf"},{"file_uploaded":2735,"document_name":"Balan\u00e7o Or\u00e7ament\u00e1rio 11.2018","link":"https:\/\/transparencia.cfp.org.br\/crp11\/wp-content\/uploads\/sites\/26\/2019\/01\/BalancoOrcamentario-11.2018.pdf"},{"file_uploaded":2971,"document_name":"Balan\u00e7o Or\u00e7ament\u00e1rio 12.2018","link":"https:\/\/transparencia.cfp.org.br\/crp11\/wp-content\/uploads\/sites\/26\/2019\/01\/BalancoOrcamentario-12.2018.pdf"}],"_financa_demonstrativo":[{"id":6,"nome":"Balan\u00e7o Or\u00e7ament\u00e1rio","slug":"balanco-orcamentario","link":"https:\/\/dev-transparencia.cfp.org.br\/wp-json\/wp\/v2\/financa?financademonstrativo=balanco-orcamentario"}],"titulo":"Balan\u00e7o Or\u00e7ament\u00e1rio 2018","conteudo":"Balan\u00e7o Or\u00e7ament\u00e1rio do Conselho Regional de Psicologia \u00a0da 11\u00aa Regi\u00e3o referente ao exerc\u00edcio de 2018.\n"}