
{"id":1490,"slug":"variacoes-patrimoniais-2013","link":"https:\/\/transparencia.cfp.org.br\/crp11\/financa\/variacoes-patrimoniais-2013\/","class_list":["post-1490","financa","type-financa","status-publish","hentry","financa_demonstrativo-variacoes-patrimoniais"],"documentos":[{"file_uploaded":1505,"document_name":"Varia\u00e7\u00f5es Patrimoniais Janeiro 2013","link":"https:\/\/transparencia.cfp.org.br\/crp11\/wp-content\/uploads\/sites\/26\/2017\/04\/variacoespatrimoniais-01.2013-1.pdf"},{"file_uploaded":1506,"document_name":"Varia\u00e7\u00f5es Patrimoniais Fevereiro 2013","link":"https:\/\/transparencia.cfp.org.br\/crp11\/wp-content\/uploads\/sites\/26\/2017\/04\/variacoespatrimoniais-02.2013-1.pdf"},{"file_uploaded":1507,"document_name":"Varia\u00e7\u00f5es Patrimoniais Mar\u00e7o 2013","link":"https:\/\/transparencia.cfp.org.br\/crp11\/wp-content\/uploads\/sites\/26\/2017\/04\/variacoespatrimoniais-03.2013-1.pdf"},{"file_uploaded":1508,"document_name":"Varia\u00e7\u00f5es Patrimoniais Abril 2013","link":"https:\/\/transparencia.cfp.org.br\/crp11\/wp-content\/uploads\/sites\/26\/2017\/04\/variacoespatrimoniais-04.2013-1.pdf"},{"file_uploaded":1509,"document_name":"Varia\u00e7\u00f5es Patrimoniais Maio 2013","link":"https:\/\/transparencia.cfp.org.br\/crp11\/wp-content\/uploads\/sites\/26\/2017\/04\/variacoespatrimoniais-05.2013-1.pdf"},{"file_uploaded":1510,"document_name":"Varia\u00e7\u00f5es Patrimoniais Junho 2013","link":"https:\/\/transparencia.cfp.org.br\/crp11\/wp-content\/uploads\/sites\/26\/2017\/04\/variacoespatrimoniais-06.2013-1.pdf"},{"file_uploaded":1511,"document_name":"Varia\u00e7\u00f5es Patrimoniais Julho 2013","link":"https:\/\/transparencia.cfp.org.br\/crp11\/wp-content\/uploads\/sites\/26\/2017\/04\/variacoespatrimoniais-07.2013-1.pdf"},{"file_uploaded":1512,"document_name":"Varia\u00e7\u00f5es Patrimoniais Agosto 2013","link":"https:\/\/transparencia.cfp.org.br\/crp11\/wp-content\/uploads\/sites\/26\/2017\/04\/variacoespatrimoniais-08.2013-1.pdf"},{"file_uploaded":1513,"document_name":"Varia\u00e7\u00f5es Patrimoniais Setembro 2013","link":"https:\/\/transparencia.cfp.org.br\/crp11\/wp-content\/uploads\/sites\/26\/2017\/04\/variacoespatrimoniais-09.2013-1.pdf"},{"file_uploaded":1514,"document_name":"Varia\u00e7\u00f5es Patrimoniais Outubro 2013","link":"https:\/\/transparencia.cfp.org.br\/crp11\/wp-content\/uploads\/sites\/26\/2017\/04\/variacoespatrimoniais-10.2013-1.pdf"},{"file_uploaded":1515,"document_name":"Varia\u00e7\u00f5es Patrimoniais Novembro 2013","link":"https:\/\/transparencia.cfp.org.br\/crp11\/wp-content\/uploads\/sites\/26\/2017\/04\/variacoespatrimoniais-11.2013-1.pdf"},{"file_uploaded":1516,"document_name":"Varia\u00e7\u00f5es Patrimoniais Dezembro 2013","link":"https:\/\/transparencia.cfp.org.br\/crp11\/wp-content\/uploads\/sites\/26\/2017\/04\/variacoespatrimoniais-12.2013-1.pdf"}],"_financa_demonstrativo":[{"id":40,"nome":"Varia\u00e7\u00f5es Patrimoniais","slug":"variacoes-patrimoniais","link":"https:\/\/dev-transparencia.cfp.org.br\/wp-json\/wp\/v2\/financa?financademonstrativo=variacoes-patrimoniais"}],"titulo":"Varia\u00e7\u00f5es Patrimoniais 2013","conteudo":"Varia\u00e7\u00f5es Patrimoniais\u00a0do Conselho Regional de Psicologia da 11\u00aa Regi\u00e3o referente ao exerc\u00edcio de 2013.\n"}