
{"id":2778,"slug":"concurso-01-2018","link":"https:\/\/transparencia.cfp.org.br\/crp11\/concurso\/concurso-01-2018\/","class_list":["post-2778","concurso","type-concurso","status-publish","hentry"],"titulo":"Concurso 01\/2018","conteudo":"Concurso P\u00fablico 01\/2018 para provimento dos cargos do CRP11.\n\u00a0\n\u00a0\n\u00a0\n","documentos":[{"file_uploaded":2779,"document_name":"Edital 01\/2018","link":"https:\/\/transparencia.cfp.org.br\/crp11\/wp-content\/uploads\/sites\/26\/2019\/02\/REGULAMENTO-DO-CONCURSO.pdf"},{"file_uploaded":2780,"document_name":"Retifica\u00e7\u00e3o do Edital 01","link":"https:\/\/transparencia.cfp.org.br\/crp11\/wp-content\/uploads\/sites\/26\/2019\/02\/RETIFICA\u00c7\u00c3O-01.pdf"},{"file_uploaded":2781,"document_name":"Retifica\u00e7\u00e3o do Edital 02","link":"https:\/\/transparencia.cfp.org.br\/crp11\/wp-content\/uploads\/sites\/26\/2019\/02\/RETIFICA\u00c7\u00c3O-02.pdf"},{"file_uploaded":2782,"document_name":"Comiss\u00e3o de Acompanhamento do Concurso","link":"https:\/\/transparencia.cfp.org.br\/crp11\/wp-content\/uploads\/sites\/26\/2019\/02\/RESOLU\u00c7\u00c3O-CRP-11-03.2018-CONCURSO.pdf"},{"file_uploaded":2783,"document_name":"Cronograma do Concurso","link":"https:\/\/transparencia.cfp.org.br\/crp11\/wp-content\/uploads\/sites\/26\/2019\/02\/CRONOGRAMA-DO-CONCURSO.pdf"},{"file_uploaded":2784,"document_name":"Quadro de T\u00edtulos","link":"https:\/\/transparencia.cfp.org.br\/crp11\/wp-content\/uploads\/sites\/26\/2019\/02\/QUADRO-DE-T\u00cdTULOS.pdf"},{"file_uploaded":2785,"document_name":"Conte\u00fado Program\u00e1tico","link":"https:\/\/transparencia.cfp.org.br\/crp11\/wp-content\/uploads\/sites\/26\/2019\/02\/CONTEUDO-PROGRAMATICO.pdf"},{"file_uploaded":2786,"document_name":"Informa\u00e7\u00f5es sobre o cargo","link":"https:\/\/transparencia.cfp.org.br\/crp11\/wp-content\/uploads\/sites\/26\/2019\/02\/INFORMA\u00c7\u00d5ES-SOBRE-O-CARGO.pdf"},{"file_uploaded":2787,"document_name":"Documentos para a posse","link":"https:\/\/transparencia.cfp.org.br\/crp11\/wp-content\/uploads\/sites\/26\/2019\/02\/DOCUMENTOS-PARA-POSSE.pdf"},{"file_uploaded":2788,"document_name":"Laudo Deficiente","link":"https:\/\/transparencia.cfp.org.br\/crp11\/wp-content\/uploads\/sites\/26\/2019\/02\/LAUDO-DEFICIENTE.pdf"},{"file_uploaded":2791,"document_name":"Rela\u00e7\u00e3o Definitiva de Isen\u00e7\u00e3o","link":"https:\/\/transparencia.cfp.org.br\/crp11\/wp-content\/uploads\/sites\/26\/2019\/02\/RELA\u00c7\u00c3O-DEFINITIVA-DE-ISEN\u00c7\u00c3O.pdf"},{"file_uploaded":2792,"document_name":"Gabarito Definitivo","link":"https:\/\/transparencia.cfp.org.br\/crp11\/wp-content\/uploads\/sites\/26\/2019\/02\/GABARITO-DEFINITIVO.pdf"},{"file_uploaded":2793,"document_name":"PROVA PSIC\u00d3LOGO","link":"https:\/\/transparencia.cfp.org.br\/crp11\/wp-content\/uploads\/sites\/26\/2019\/02\/PROVA-PSICOLOGO.pdf"},{"file_uploaded":2794,"document_name":"PROVA T\u00c9CNICO CONT\u00c1BIL","link":"https:\/\/transparencia.cfp.org.br\/crp11\/wp-content\/uploads\/sites\/26\/2019\/02\/PROVA-T\u00c9CNICO-CONT\u00c1BIL.pdf"},{"file_uploaded":2796,"document_name":"PROVA T\u00c9CNICO FINANCEIRO","link":"https:\/\/transparencia.cfp.org.br\/crp11\/wp-content\/uploads\/sites\/26\/2019\/02\/PROVA-T\u00c9CNICO-FINANCEIRO.pdf"},{"file_uploaded":2795,"document_name":"PROVA T\u00c9CNICO DE PATRIM\u00d4NIO","link":"https:\/\/transparencia.cfp.org.br\/crp11\/wp-content\/uploads\/sites\/26\/2019\/02\/PROVA-T\u00c9CNICO-DE-PATRIM\u00d4NIO.pdf"}]}