
{"id":3655,"slug":"comissoes-vii-plenario-2013-2016","link":"https:\/\/transparencia.cfp.org.br\/crp11\/comissao\/comissoes-vii-plenario-2013-2016\/","class_list":["post-3655","comissao","type-comissao","status-publish","hentry","comissao_carater-permanente"],"_comissao_carater":[{"id":46,"nome":"Permanente","slug":"permanente","link":"https:\/\/dev-transparencia.cfp.org.br\/wp-json\/wp\/v2\/comissao?comissaocarater=permanente"}],"titulo":"Comiss\u00f5es VII Plen\u00e1rio 2013-2016","conteudo":"Comiss\u00e3o de Orienta\u00e7\u00e3o e \u00c9tica (COE)\nAnice Holanda Nunes Mais (CRP 11\/01462) 2013-2015\nSt\u00e9fanne Rochelle de Lima Ribeiro (CRP 11\/06810) 2015-2016\nAnice Holanda Nunes Mais (CRP 11\/01462) 04\/2016 a 07\/2016\nComiss\u00e3o de Orienta\u00e7\u00e3o e Fiscaliza\u00e7\u00e3o (COF)\nAndreya Arruda Amendola (CRP 11\/01717) 2013-2014\nLuana Le\u00e3o Cunha\u00a0 (CRP 11\/02368) 2014-2016\nComiss\u00e3o T\u00edtulo de Especialista \nMabel Melo Sousa (CRP11\/03881) 2013-02\/2016\nTalita Saldanha da Silva (CRP 11\/07136) 02-2016-07\/2016\nComiss\u00e3o de Sa\u00fade\nMayr\u00e1 Lobato Pequeno (CRP\/05299)\nComiss\u00e3o de Direitos Humanos\nElton Alves Gurgel (CRP 11\/01349)\nComiss\u00e3o Psicologia do Trabalho \nMabel Melo Sousa (CRP11\/03881)\nComiss\u00e3o de Educa\u00e7\u00e3o \n\u00c9vio Gianni Batista Carlos (CRP 11\/02139)\nCentro de Refer\u00eancia T\u00e9cnica em Psicologia e Pol\u00edticas P\u00fablicas (CREPOP )\nDiego Mendon\u00e7a Viana (CRP 11\/ 6632)\nComiss\u00e3o de Avalia\u00e7\u00e3o Psicol\u00f3gica\nM\u00e9rcia Capistrano Oliveira (CRP11\/01489)\nPsicologia e Assist\u00eancia Social \nNiara Farias Torres ( CRP 11\/8678)\nComiss\u00e3o de Comunica\u00e7\u00e3o \nElton Alves Gurgel (CRP 11\/01349)\nComiss\u00e3o de Psicologia Jur\u00eddica\nAndreya Arruda Amendola (CRP 11\/01717)\n\u00a0\n"}