
{"id":2917,"slug":"proposta-orcamentaria-e-plano-de-acao-2019","link":"https:\/\/transparencia.cfp.org.br\/crp10\/planejamento\/proposta-orcamentaria-e-plano-de-acao-2019\/","class_list":["post-2917","planejamento","type-planejamento","status-publish","hentry","planejamento_relatorio-planos-de-acao-e-orcamento"],"documentos":[{"file_uploaded":2918,"document_name":"Or\u00e7amento 2019","link":"https:\/\/transparencia.cfp.org.br\/crp10\/wp-content\/uploads\/sites\/23\/2019\/11\/Proposta-Or\u00e7ament\u00e1ria-2019-Atualizada-OFICIAL.pdf"},{"file_uploaded":"","document_name":"Plano de Trabalho 2019","link":"https:\/\/transparencia.cfp.org.br\/crp10\/wp-content\/uploads\/sites\/23\/2019\/11\/Proposta-Or\u00e7ament\u00e1ria-2019-Atualizada-OFICIAL.pdf"}],"_planejamento_relatorio":[{"id":26,"nome":"Planos de A\u00e7\u00e3o e Or\u00e7amento","slug":"planos-de-acao-e-orcamento","link":"https:\/\/dev-transparencia.cfp.org.br\/wp-json\/wp\/v2\/planejamento?planejamentorelatorio=planos-de-acao-e-orcamento"}],"titulo":"Proposta Or\u00e7ament\u00e1ria e Plano de A\u00e7\u00e3o 2019","conteudo":"Proposta Or\u00e7amentaria e Plano de A\u00e7\u00e3o para o exerc\u00edcio de 2019\n"}