
{"slug":"quadro-de-empregados","excerpt":{"rendered":"<p>Informa\u00e7\u00f5es do quadro de pessoal do Conselho Regional de Psicologia Nona Regi\u00e3o. QUADRO DE EMPREGADOS P\u00daBLICOS_CRP09_2025<\/p>\n","protected":false},"titulo":"Quadro de Empregados","conteudo":"Informa\u00e7\u00f5es do quadro de pessoal do Conselho Regional de Psicologia Nona Regi\u00e3o.\nQUADRO DE EMPREGADOS P\u00daBLICOS_CRP09_2025\n"}