
{"id":10367,"slug":"portaria-no-082-de-24-de-agosto-de-2026-aprovar-a-inclusao-da-psicologa-aline-de-paula-vieira-crp-09-13966-da-psicologa-renata-cunha-castro-okiyama-crp-09-20026-e-do-psicologo-edilson-de-oliveira","link":"https:\/\/transparencia.cfp.org.br\/crp09\/legislacao\/portaria-no-082-de-24-de-agosto-de-2026-aprovar-a-inclusao-da-psicologa-aline-de-paula-vieira-crp-09-13966-da-psicologa-renata-cunha-castro-okiyama-crp-09-20026-e-do-psicologo-edilson-de-oliveira\/","class_list":["post-10367","legislacao","type-legislacao","status-publish","hentry","legislacao_categoria-portarias-do-crp"],"titulo":"Portaria N\u00ba 082, DE 24 DE agosto de 2026 Aprovar a inclus\u00e3o da Psic\u00f3loga Aline de Paula Vieira, CRP 09\/13966, da Psic\u00f3loga Renata Cunha Castro Okiyama, CRP 09\/20026 e do Psic\u00f3logo Edilson de Oliveira Lucena, CRP 09\/16523 para a fun\u00e7\u00e3o de colaborador(a) volunt\u00e1rio(a) da Comiss\u00e3o Especial de Psicologia na Assist\u00eancia Social do XII Plen\u00e1rio do Conselho Regional de Psicologia 9\u00aa Regi\u00e3o-CRP-09.","conteudo":"Portaria N\u00ba 082, DE 24 DE agosto de 2026\n","_legislacao_categoria":[{"id":44,"nome":"Portarias do CRP","slug":"portarias-do-crp","link":"https:\/\/dev-transparencia.cfp.org.br\/wp-json\/wp\/v2\/legislacao?legislacaocategoria=portarias-do-crp"}]}