
{"id":10364,"slug":"portaria-no-081-de-24-de-agosto-de-2026-aprovar-a-inclusao-do-psicologo-andre-vasconcelos-da-silva-crp-09-2287-e-da-psicologa-camila-lopes-rodrigues-crp-09-16878-para-a-funcao-de-colaboradora-v","link":"https:\/\/transparencia.cfp.org.br\/crp09\/legislacao\/portaria-no-081-de-24-de-agosto-de-2026-aprovar-a-inclusao-do-psicologo-andre-vasconcelos-da-silva-crp-09-2287-e-da-psicologa-camila-lopes-rodrigues-crp-09-16878-para-a-funcao-de-colaboradora-v\/","class_list":["post-10364","legislacao","type-legislacao","status-publish","hentry","legislacao_categoria-portarias-do-crp"],"titulo":"Portaria N\u00ba 081, DE 24 DE agosto de 2026 Aprovar a inclus\u00e3o do Psic\u00f3logo Andr\u00e9 Vasconcelos da Silva, CRP 09\/2287, e da Psic\u00f3loga Camila Lopes Rodrigues, CRP 09\/16878, para a fun\u00e7\u00e3o de colaborador(a) volunt\u00e1rio(a) da Comiss\u00e3o Especial de Psicologia Escolar e Educacional do XII Plen\u00e1rio do Conselho Regional de Psicologia 9\u00aa Regi\u00e3o-CRP-09.","conteudo":"Portaria N\u00ba 081, DE 24 DE agosto de 2026\n","_legislacao_categoria":[{"id":44,"nome":"Portarias do CRP","slug":"portarias-do-crp","link":"https:\/\/dev-transparencia.cfp.org.br\/wp-json\/wp\/v2\/legislacao?legislacaocategoria=portarias-do-crp"}]}