
{"id":3448,"slug":"edital-de-convocacao-assembleia-geral-extraordinaria","link":"https:\/\/transparencia.cfp.org.br\/crp09\/chamada-publica\/edital-de-convocacao-assembleia-geral-extraordinaria\/","class_list":["post-3448","chamada_publica","type-chamada_publica","status-publish","hentry"],"titulo":"EDITAL DE CONVOCA\u00c7\u00c3O ASSEMBLEIA GERAL EXTRAORDIN\u00c1RIA","conteudo":"EDITAL DE CONVOCA\u00c7\u00c3O ASSEMBLEIA GERAL EXTRAORDIN\u00c1RIA\n"}