
{"id":3392,"slug":"edital-de-convocacao-para-a-assembleia-geral-extraordinaria","link":"https:\/\/transparencia.cfp.org.br\/crp09\/chamada-publica\/edital-de-convocacao-para-a-assembleia-geral-extraordinaria\/","class_list":["post-3392","chamada_publica","type-chamada_publica","status-publish","hentry"],"titulo":"Edital de Convoca\u00e7\u00e3o para a Assembleia Geral Extraordin\u00e1ria","conteudo":"Extrato do Edital de Convoca\u00e7\u00e3o para a Assembleia Geral Extraordin\u00e1ria\n"}