
{"id":12745,"slug":"edital-assembleia-geral-extraordinaria-deflagracao-do-processo-eleitoral","link":"https:\/\/transparencia.cfp.org.br\/crp08\/eleicao\/edital-assembleia-geral-extraordinaria-deflagracao-do-processo-eleitoral\/","class_list":["post-12745","eleicao","type-eleicao","status-publish","hentry"],"documentos":[{"file_uploaded":12743,"document_name":"Edital - Assembleia Geral Extraordin\u00e1ria - Deflagra\u00e7\u00e3o do processo eleitoral","link":"https:\/\/transparencia.cfp.org.br\/crp08\/wp-content\/uploads\/sites\/9\/2024\/09\/Edital___DeflagraA_A_o_do_Processo_Eleitoral___2025.pdf"}],"titulo":"Edital \u2013 Assembleia Geral Extraordin\u00e1ria \u2013 Deflagra\u00e7\u00e3o do processo eleitoral","conteudo":""}