
{"id":10867,"slug":"edital-no-cre-003-2022","link":"https:\/\/transparencia.cfp.org.br\/crp08\/eleicao\/edital-no-cre-003-2022\/","class_list":["post-10867","eleicao","type-eleicao","status-publish","hentry"],"documentos":[{"file_uploaded":10868,"document_name":"EDITAL N\u00ba CRE 003\/2022","link":"https:\/\/transparencia.cfp.org.br\/crp08\/wp-content\/uploads\/sites\/9\/2022\/05\/SEI_CFP-0568346-Edital.pdf"},{"file_uploaded":10872,"document_name":"Publica\u00e7\u00e3o DOU Edital CRE n\u00ba 003\/2022","link":"https:\/\/transparencia.cfp.org.br\/crp08\/wp-content\/uploads\/sites\/9\/2022\/05\/Publicacao-DOU-Edital-CRE-no003-2022_pg-215e216.pdf"},{"file_uploaded":10873,"document_name":"Publica\u00e7\u00e3o no Bem Paran\u00e1 Edital CRE n\u00ba 003\/2022","link":"https:\/\/transparencia.cfp.org.br\/crp08\/wp-content\/uploads\/sites\/9\/2022\/05\/Bemparana_16052022_crp.pdf"}],"titulo":"EDITAL CRE N\u00ba 003\/2022","conteudo":"AVISO DE CHAPAS APTAS \u00c0 ELEI\u00c7\u00c3O\n"}