
{"id":1816,"slug":"edital-do-concurso-publico-crp-08-n-o-001-2017","link":"https:\/\/transparencia.cfp.org.br\/crp08\/concurso\/edital-do-concurso-publico-crp-08-n-o-001-2017\/","class_list":["post-1816","concurso","type-concurso","status-publish","hentry"],"titulo":"Edital do Concurso P\u00fablico CRP-08 N.\u00ba 001-2017","conteudo":"Edital Concurso P\u00fablico \u2013 CRP-08 N.\u00ba 001-2017\n","documentos":[{"file_uploaded":1929,"document_name":"Publica\u00e7\u00e3o Edital do Concurso P\u00fablico CRP-08 N.\u00ba 001-2017","link":"https:\/\/transparencia.cfp.org.br\/crp08\/wp-content\/uploads\/sites\/9\/2017\/05\/Publica\u00e7\u00e3o-Edital-do-Concurso-P\u00fablico-CRP-08-N.\u00ba-001-2017.pdf"},{"file_uploaded":2844,"document_name":"Edital de Convoca\u00e7\u00e3o das provas - Concurso P\u00fablico CRP-PR N.\u00ba 001-2017","link":"https:\/\/transparencia.cfp.org.br\/crp08\/wp-content\/uploads\/sites\/9\/2017\/05\/Edital-de-Convoca\u00e7\u00e3o-das-provas-Concurso-P\u00fablico-CRP-PR-N.\u00ba-001-2017.pdf"},{"file_uploaded":2850,"document_name":"Publica\u00e7\u00e3o DOU Extrato Convoca\u00e7\u00e3o Provas","link":"https:\/\/transparencia.cfp.org.br\/crp08\/wp-content\/uploads\/sites\/9\/2017\/05\/Publica\u00e7\u00e3o-DOU-Extrato-Convoca\u00e7\u00e3o-Provas.pdf"},{"file_uploaded":4043,"document_name":"Edital de Convoca\u00e7\u00e3o Prova de T\u00edtulos - Concurso P\u00fablico CRP-PR N.\u00ba 001-2017","link":"https:\/\/transparencia.cfp.org.br\/crp08\/wp-content\/uploads\/sites\/9\/2017\/05\/Edital-de-Convoca\u00e7\u00e3o-Prova-de-T\u00edtulos-Concurso-P\u00fablico-CRP-PR-N.\u00ba-001-2017.pdf"},{"file_uploaded":4157,"document_name":"Publica\u00e7\u00e3o D.O.U Edital de Convoca\u00e7\u00e3o Prova de T\u00edtulos - Concurso P\u00fablico CRP-PR N.\u00ba 001-2017","link":"https:\/\/transparencia.cfp.org.br\/crp08\/wp-content\/uploads\/sites\/9\/2017\/05\/Publica\u00e7\u00e3o-DOU-Extrato-Convoca\u00e7\u00e3o-Prova-de-T\u00edtulos.pdf"},{"file_uploaded":5283,"document_name":"Edital de convoca\u00e7\u00e3o - Procedimento administrativo","link":"https:\/\/transparencia.cfp.org.br\/crp08\/wp-content\/uploads\/sites\/9\/2017\/05\/CRPPR_edital_convoc_proced_admin.pdf"},{"file_uploaded":5410,"document_name":"Publica\u00e7\u00e3o Di\u00e1rio Oficial da Uni\u00e3o - Edital de convoca\u00e7\u00e3o - Procedimento administrativo","link":"https:\/\/transparencia.cfp.org.br\/crp08\/wp-content\/uploads\/sites\/9\/2017\/05\/Publica\u00e7\u00e3o-Edital-de-Convoca\u00e7\u00e3o-Processo-Administrativo-Concurso-P\u00fablico-CRP-08-N.\u00ba-001-2017.pdf"},{"file_uploaded":5465,"document_name":"Edital Homologa\u00e7\u00e3o - Concurso P\u00fablico N.\u00ba 001-2017 CRP-PR","link":"https:\/\/transparencia.cfp.org.br\/crp08\/wp-content\/uploads\/sites\/9\/2017\/05\/Edital-Homologa\u00e7\u00e3o-Concurso-P\u00fablico-N.\u00ba-001-2017-CRP-PR.pdf"},{"file_uploaded":5503,"document_name":"Publica\u00e7\u00e3o do Edital Homologa\u00e7\u00e3o - Concurso P\u00fablico N.\u00ba 001-2017 CRP-PR","link":"https:\/\/transparencia.cfp.org.br\/crp08\/wp-content\/uploads\/sites\/9\/2017\/05\/Publica\u00e7\u00e3o-do-Edital-de-Homologa\u00e7\u00e3o-do-Concurso-P\u00fablico-N.\u00ba-001-2017-CRP-PR.pdf"},{"file_uploaded":5514,"document_name":"CRPPR-Estatistica da Faixa Etaria dos Candidatos Habilitados","link":"https:\/\/transparencia.cfp.org.br\/crp08\/wp-content\/uploads\/sites\/9\/2017\/05\/CRPPR-Estatistica-da-Faixa-Etaria-dos-Candidatos-Habilitados.pdf"},{"file_uploaded":5515,"document_name":"CRPPR-Estatistica da Faixa Etaria dos Candidatos Inscritos","link":"https:\/\/transparencia.cfp.org.br\/crp08\/wp-content\/uploads\/sites\/9\/2017\/05\/CRPPR-Estatistica-da-Faixa-Etaria-dos-Candidatos-Inscritos.pdf"},{"file_uploaded":5516,"document_name":"CRPPR-Estatistica de Sexo dos Candidatos Inscritos e Candidatos Habilitados","link":"https:\/\/transparencia.cfp.org.br\/crp08\/wp-content\/uploads\/sites\/9\/2017\/05\/CRPPR-Estatistica-de-Sexo-dos-Candidatos-Inscritos-e-Candidatos-Habilitados.pdf"},{"file_uploaded":5517,"document_name":"CRPPR-Estatistica de Apuracao","link":"https:\/\/transparencia.cfp.org.br\/crp08\/wp-content\/uploads\/sites\/9\/2017\/05\/CRPPR-Estatistica-de-Apuracao.pdf"},{"file_uploaded":5519,"document_name":"Listagem dos convocados CONCURSO P\u00daBLICO N.\u00ba 001-2017","link":"https:\/\/transparencia.cfp.org.br\/crp08\/wp-content\/uploads\/sites\/9\/2017\/05\/Listagem-dos-convocados-CONCURSO-P\u00daBLICO-N.\u00ba-001-2017.pdf"},{"file_uploaded":8173,"document_name":"Listagem dos convocados CONCURSO P\u00daBLICO N.\u00ba 001-2017 - atualizado em 22-10-2019","link":"https:\/\/transparencia.cfp.org.br\/crp08\/wp-content\/uploads\/sites\/9\/2017\/05\/Listagem-dos-convocados-CONCURSO-P\u00daBLICO-N.\u00ba-001-2017-atualizado-em-22-10-2019-1.pdf"}]}