
{"id":9918,"slug":"ata-da-reuniao-da-comissao-de-psicologia-na-assistencia-social-campos-gerais-3","link":"https:\/\/transparencia.cfp.org.br\/crp08\/ata\/ata-da-reuniao-da-comissao-de-psicologia-na-assistencia-social-campos-gerais-3\/","class_list":["post-9918","ata","type-ata","status-publish","hentry","ata_reuniao-reuniao-de-comissoes"],"documentos":[{"file_uploaded":9919,"document_name":"Ata da Reuni\u00e3o da Comiss\u00e3o de Psicologia na Assist\u00eancia Social \u2013 Campos Gerais","link":"https:\/\/transparencia.cfp.org.br\/crp08\/wp-content\/uploads\/sites\/9\/2021\/03\/1.ATA_.02.03.2021-Comissao-de-Psicologia-na-Assistencia-Social-Irati-19h.pdf"}],"_ata_reuniao":[{"id":47,"nome":"Reuni\u00e3o de Comiss\u00f5es Especiais\/Tem\u00e1ticas","slug":"reuniao-de-comissoes","link":"https:\/\/dev-transparencia.cfp.org.br\/wp-json\/wp\/v2\/ata?atareuniao=reuniao-de-comissoes"}],"titulo":"Ata da Reuni\u00e3o da Comiss\u00e3o de Psicologia na Assist\u00eancia Social \u2013 Campos Gerais","conteudo":""}