
{"id":1689,"slug":"locacao-de-carro-em-2016","link":"https:\/\/transparencia.cfp.org.br\/crp07\/passagem-e-diaria\/locacao-de-carro-em-2016\/","class_list":["post-1689","passagem_e_diaria","type-passagem_e_diaria","status-publish","hentry"],"titulo":"Loca\u00e7\u00f5es de carro em 2016","conteudo":"Relat\u00f3rio do servi\u00e7o de loca\u00e7\u00e3o de carro contratado pelo CRPRS em 2016.\n","documentos":[{"file_uploaded":2269,"document_name":"Loca\u00e7\u00e3o de ve\u00edculos 2016","link":"https:\/\/transparencia.cfp.org.br\/crp07\/wp-content\/uploads\/sites\/8\/2016\/01\/relatorio_locacao_veiculos.pdf"}]}