
{"id":11498,"slug":"relatorio-de-deslocamentos-diarias-auxilios-de-representacao-e-hospedagens-2025","link":"https:\/\/transparencia.cfp.org.br\/crp07\/passagem-e-diaria\/relatorio-de-deslocamentos-diarias-auxilios-de-representacao-e-hospedagens-2025\/","class_list":["post-11498","passagem_e_diaria","type-passagem_e_diaria","status-publish","hentry"],"titulo":"Relat\u00f3rio de Deslocamentos, Di\u00e1rias\/Aux\u00edlios de Representa\u00e7\u00e3o e Hospedagens \u2013 2025","conteudo":"Pagamentos feitos pelo CRPRS em 2025 para conselheiras\/os, funcion\u00e1rias\/os, colaboradoras\/es e convidadas\/os, referente a hospedagens, di\u00e1rias, aux\u00edlios de representa\u00e7\u00e3o e deslocamentos, feitos na forma de compra de passagens a\u00e9reas e rodovi\u00e1rias, loca\u00e7\u00e3o de ve\u00edculos, ressarcimento de combust\u00edvel e de ped\u00e1gio. Meses n\u00e3o constantes, n\u00e3o houveram nenhuma atividade de conselheiras\/os, funcion\u00e1rias\/os, colaboradoras\/es e convidadas\/os.\n","documentos":[{"file_uploaded":11500,"document_name":"Deslocamentos, Di\u00e1ria, Aux\u00edlio de Representa\u00e7\u00e3o e Hospedagem_Conselheiros_ Janeiro_2025","link":"https:\/\/transparencia.cfp.org.br\/crp07\/wp-content\/uploads\/sites\/8\/2025\/08\/Conselheiros_Janeiro_2025.pdf"},{"file_uploaded":11501,"document_name":"Deslocamentos, Di\u00e1ria, Aux\u00edlio de Representa\u00e7\u00e3o e Hospedagem _Funcion\u00e1rios_ Janeiro_2025","link":"https:\/\/transparencia.cfp.org.br\/crp07\/wp-content\/uploads\/sites\/8\/2025\/08\/Funcionarios_Janeiro_2025.pdf"},{"file_uploaded":11502,"document_name":"Deslocamentos, Di\u00e1ria, Aux\u00edlio de Representa\u00e7\u00e3o e Hospedagem_Colaboradores e Convidados_ Janeiro_2025","link":"https:\/\/transparencia.cfp.org.br\/crp07\/wp-content\/uploads\/sites\/8\/2025\/08\/Colaboradores-e-Outros_Janeiro_2025.pdf"},{"file_uploaded":11503,"document_name":"Deslocamentos, Di\u00e1ria, Aux\u00edlio de Representa\u00e7\u00e3o e Hospedagem_Conselheiros_ Fevereiro_2025","link":"https:\/\/transparencia.cfp.org.br\/crp07\/wp-content\/uploads\/sites\/8\/2025\/08\/Conselheiros_Fevereiro_2025.pdf"},{"file_uploaded":11504,"document_name":"Deslocamentos, Di\u00e1ria, Aux\u00edlio de Representa\u00e7\u00e3o e Hospedagem _Funcion\u00e1rios_ Fevereiro_2025","link":"https:\/\/transparencia.cfp.org.br\/crp07\/wp-content\/uploads\/sites\/8\/2025\/08\/Funcionarios_Fevereiro_2025.pdf"},{"file_uploaded":11505,"document_name":"Deslocamentos, Di\u00e1ria, Aux\u00edlio de Representa\u00e7\u00e3o e Hospedagem_Colaboradores e Convidados_ Fevereiro_2025","link":"https:\/\/transparencia.cfp.org.br\/crp07\/wp-content\/uploads\/sites\/8\/2025\/08\/Colaboradores-e-Outros_Fevereiro_2025.pdf"},{"file_uploaded":11506,"document_name":"Deslocamentos, Di\u00e1ria, Aux\u00edlio de Representa\u00e7\u00e3o e Hospedagem_Conselheiros_ Mar\u00e7o_2025","link":"https:\/\/transparencia.cfp.org.br\/crp07\/wp-content\/uploads\/sites\/8\/2025\/08\/Conselheiros_Marco_2025.pdf"},{"file_uploaded":11507,"document_name":"Deslocamentos, Di\u00e1ria, Aux\u00edlio de Representa\u00e7\u00e3o e Hospedagem _Funcion\u00e1rios_ Mar\u00e7o_2025","link":"https:\/\/transparencia.cfp.org.br\/crp07\/wp-content\/uploads\/sites\/8\/2025\/08\/Funcionarios_Marco_2025.pdf"},{"file_uploaded":11508,"document_name":"Deslocamentos, Di\u00e1ria, Aux\u00edlio de Representa\u00e7\u00e3o e Hospedagem_Colaboradores e Convidados_ Mar\u00e7o_2025","link":"https:\/\/transparencia.cfp.org.br\/crp07\/wp-content\/uploads\/sites\/8\/2025\/08\/Colaboradores-e-Outros_Marco_2025.pdf"},{"file_uploaded":11509,"document_name":"Deslocamentos, Di\u00e1ria, Aux\u00edlio de Representa\u00e7\u00e3o e Hospedagem_Conselheiros_ Abril_2025","link":"https:\/\/transparencia.cfp.org.br\/crp07\/wp-content\/uploads\/sites\/8\/2025\/08\/Conselheiros_Abril_2025.pdf"},{"file_uploaded":11510,"document_name":"Deslocamentos, Di\u00e1ria, Aux\u00edlio de Representa\u00e7\u00e3o e Hospedagem _Funcion\u00e1rios_ Abril_2025","link":"https:\/\/transparencia.cfp.org.br\/crp07\/wp-content\/uploads\/sites\/8\/2025\/08\/Funcionarios_Abril_2025.pdf"},{"file_uploaded":11511,"document_name":"Deslocamentos, Di\u00e1ria, Aux\u00edlio de Representa\u00e7\u00e3o e Hospedagem_Colaboradores e Convidados_ Abril_2025","link":"https:\/\/transparencia.cfp.org.br\/crp07\/wp-content\/uploads\/sites\/8\/2025\/08\/Colaboradores-e-Outros_Abril_2025.pdf"},{"file_uploaded":11700,"document_name":"Deslocamentos, Di\u00e1ria, Aux\u00edlio de Representa\u00e7\u00e3o e Hospedagem_Conselheiros_ Maio_2025","link":"https:\/\/transparencia.cfp.org.br\/crp07\/wp-content\/uploads\/sites\/8\/2025\/08\/Conselheiros_Maio_2025.pdf"},{"file_uploaded":11701,"document_name":"Deslocamentos, Di\u00e1ria, Aux\u00edlio de Representa\u00e7\u00e3o e Hospedagem _Funcion\u00e1rios_ Maio_2025","link":"https:\/\/transparencia.cfp.org.br\/crp07\/wp-content\/uploads\/sites\/8\/2025\/12\/Funcionarios_Maio_2025.pdf"},{"file_uploaded":11703,"document_name":"Deslocamentos, Di\u00e1ria, Aux\u00edlio de Representa\u00e7\u00e3o e Hospedagem_Colaboradores e Convidados_ Maio_2025","link":"https:\/\/transparencia.cfp.org.br\/crp07\/wp-content\/uploads\/sites\/8\/2025\/12\/Colaboradores-e-Outros_Maio_2025-1.pdf"},{"file_uploaded":11704,"document_name":"Deslocamentos, Di\u00e1ria, Aux\u00edlio de Representa\u00e7\u00e3o e Hospedagem_Conselheiros_Junho_2025","link":"https:\/\/transparencia.cfp.org.br\/crp07\/wp-content\/uploads\/sites\/8\/2025\/12\/Conselheiros_Junho_2025.pdf"},{"file_uploaded":11705,"document_name":"Deslocamentos, Di\u00e1ria, Aux\u00edlio de Representa\u00e7\u00e3o e Hospedagem _Funcion\u00e1rios_Junho_2025","link":"https:\/\/transparencia.cfp.org.br\/crp07\/wp-content\/uploads\/sites\/8\/2025\/12\/Funcionarios_Junho_2025.pdf"},{"file_uploaded":11706,"document_name":"Deslocamentos, Di\u00e1ria, Aux\u00edlio de Representa\u00e7\u00e3o e Hospedagem_Colaboradores e Convidados_Junho_2025","link":"https:\/\/transparencia.cfp.org.br\/crp07\/wp-content\/uploads\/sites\/8\/2025\/12\/Colaboradores-e-Outros_Junho_2025.pdf"},{"file_uploaded":11707,"document_name":"Deslocamentos, Di\u00e1ria, Aux\u00edlio de Representa\u00e7\u00e3o e Hospedagem_Conselheiros_Julho_2025","link":"https:\/\/transparencia.cfp.org.br\/crp07\/wp-content\/uploads\/sites\/8\/2025\/12\/Conselheiros_Julho_2025.pdf"},{"file_uploaded":11708,"document_name":"Deslocamentos, Di\u00e1ria, Aux\u00edlio de Representa\u00e7\u00e3o e Hospedagem _Funcion\u00e1rios_Julho_2025","link":"https:\/\/transparencia.cfp.org.br\/crp07\/wp-content\/uploads\/sites\/8\/2025\/12\/Funcionarios_Julho_2025.pdf"},{"file_uploaded":11709,"document_name":"Deslocamentos, Di\u00e1ria, Aux\u00edlio de Representa\u00e7\u00e3o e Hospedagem _Funcion\u00e1rios_Julho_2025","link":"https:\/\/transparencia.cfp.org.br\/crp07\/wp-content\/uploads\/sites\/8\/2025\/12\/Funcionarios_Julho_2025-1.pdf"},{"file_uploaded":11710,"document_name":"Deslocamentos, Di\u00e1ria, Aux\u00edlio de Representa\u00e7\u00e3o e Hospedagem_Colaboradores e Convidados_Julho_2025","link":"https:\/\/transparencia.cfp.org.br\/crp07\/wp-content\/uploads\/sites\/8\/2025\/12\/Colaboradores-e-Outros_Julho_2025.pdf"},{"file_uploaded":11711,"document_name":"Deslocamentos, Di\u00e1ria, Aux\u00edlio de Representa\u00e7\u00e3o e Hospedagem_Conselheiros_Agosto_2025","link":"https:\/\/transparencia.cfp.org.br\/crp07\/wp-content\/uploads\/sites\/8\/2025\/12\/Conselheiros_Agosto_2025.pdf"},{"file_uploaded":11713,"document_name":"Deslocamentos, Di\u00e1ria, Aux\u00edlio de Representa\u00e7\u00e3o e Hospedagem _Funcion\u00e1rios_Agosto_2025","link":"https:\/\/transparencia.cfp.org.br\/crp07\/wp-content\/uploads\/sites\/8\/2025\/12\/Funcionarios_Agosto_2025-1.pdf"},{"file_uploaded":11714,"document_name":"Deslocamentos, Di\u00e1ria, Aux\u00edlio de Representa\u00e7\u00e3o e Hospedagem_Colaboradores e Convidados_Agosto_2025","link":"https:\/\/transparencia.cfp.org.br\/crp07\/wp-content\/uploads\/sites\/8\/2025\/12\/Colaboradores-e-Outros_Agosto_2025.pdf"}]}