
{"id":11107,"slug":"11107","link":"https:\/\/transparencia.cfp.org.br\/crp07\/passagem-e-diaria\/11107\/","class_list":["post-11107","passagem_e_diaria","type-passagem_e_diaria","status-publish","hentry"],"titulo":"Relat\u00f3rio de Deslocamentos, Di\u00e1rias\/Aux\u00edlios de Representa\u00e7\u00e3o e Hospedagens \u2013 2024","conteudo":"Pagamentos feitos pelo CRPRS em 2024 para conselheiros, funcion\u00e1rios, colaboradores e convidados, referente a hospedagens, di\u00e1rias, aux\u00edlios de representa\u00e7\u00e3o e deslocamentos, feitos na forma de compra de passagens a\u00e9reas e rodovi\u00e1rias, loca\u00e7\u00e3o de ve\u00edculos, ressarcimento de combust\u00edvel e de ped\u00e1gio. Meses n\u00e3o constantes, n\u00e3o houveram nenhuma atividade de conselheiros, funcion\u00e1rios, colaboradores e convidados.\n","documentos":[{"file_uploaded":11110,"document_name":"Deslocamentos, Di\u00e1ria, Aux\u00edlio de Representa\u00e7\u00e3o e Hospedagem_Conselheiros_Janeiro_2024","link":"https:\/\/transparencia.cfp.org.br\/crp07\/wp-content\/uploads\/sites\/8\/2024\/12\/Conselheiros_Janeiro_2024.pdf"},{"file_uploaded":11111,"document_name":"Deslocamentos, Di\u00e1ria, Aux\u00edlio de Representa\u00e7\u00e3o e Hospedagem_Funcion\u00e1rios_ Janeiro_2024","link":"https:\/\/transparencia.cfp.org.br\/crp07\/wp-content\/uploads\/sites\/8\/2024\/12\/Funcionarios_Janeiro_2024.pdf"},{"file_uploaded":11112,"document_name":"Deslocamentos, Di\u00e1ria, Aux\u00edlio de Representa\u00e7\u00e3o e Hospedagem_Colaboradores e Convidados_ Janeiro_2024","link":"https:\/\/transparencia.cfp.org.br\/crp07\/wp-content\/uploads\/sites\/8\/2024\/12\/Colaboradores_Convidados_Janeiro_2024.pdf"},{"file_uploaded":11113,"document_name":"Deslocamentos, Di\u00e1ria, Aux\u00edlio de Representa\u00e7\u00e3o e Hospedagem_Conselheiros_Fevereiro_2024","link":"https:\/\/transparencia.cfp.org.br\/crp07\/wp-content\/uploads\/sites\/8\/2024\/12\/Conselheiros_Fevereiro_2024.pdf"},{"file_uploaded":11114,"document_name":"Deslocamentos, Di\u00e1ria, Aux\u00edlio de Representa\u00e7\u00e3o e Hospedagem _Funcion\u00e1rios_ Fevereiro_2024","link":"https:\/\/transparencia.cfp.org.br\/crp07\/wp-content\/uploads\/sites\/8\/2024\/12\/Funcionarios_Fevereiro_2024.pdf"},{"file_uploaded":11115,"document_name":"Deslocamentos, Di\u00e1ria, Aux\u00edlio de Representa\u00e7\u00e3o e Hospedagem_Colaboradores e Convidados_ Fevereiro_2024","link":"https:\/\/transparencia.cfp.org.br\/crp07\/wp-content\/uploads\/sites\/8\/2024\/12\/Colaboradores_Convidados_Fevereiro_2024.pdf"},{"file_uploaded":11116,"document_name":"Deslocamentos, Di\u00e1ria, Aux\u00edlio de Representa\u00e7\u00e3o e Hospedagem_Conselheiros_Mar\u00e7o_2024","link":"https:\/\/transparencia.cfp.org.br\/crp07\/wp-content\/uploads\/sites\/8\/2024\/12\/Conselheiros_Marco_2024.pdf"},{"file_uploaded":11117,"document_name":"Deslocamentos, Di\u00e1ria, Aux\u00edlio de Representa\u00e7\u00e3o e Hospedagem _Funcion\u00e1rios_ Mar\u00e7o_2024","link":"https:\/\/transparencia.cfp.org.br\/crp07\/wp-content\/uploads\/sites\/8\/2024\/12\/Funcionarios_Marco_2024.pdf"},{"file_uploaded":11118,"document_name":"Deslocamentos, Di\u00e1ria, Aux\u00edlio de Representa\u00e7\u00e3o e Hospedagem_Colaboradores e Convidados_ Mar\u00e7o_2024","link":"https:\/\/transparencia.cfp.org.br\/crp07\/wp-content\/uploads\/sites\/8\/2024\/12\/Colaboradores_Convidados_Marco_2024.pdf"},{"file_uploaded":11119,"document_name":"Deslocamentos, Di\u00e1ria, Aux\u00edlio de Representa\u00e7\u00e3o e Hospedagem_Conselheiros_Abril_2024","link":"https:\/\/transparencia.cfp.org.br\/crp07\/wp-content\/uploads\/sites\/8\/2024\/12\/Conselheiros_Abril_2024.pdf"},{"file_uploaded":11120,"document_name":"Deslocamentos, Di\u00e1ria, Aux\u00edlio de Representa\u00e7\u00e3o e Hospedagem _Funcion\u00e1rios_ Abril_2024","link":"https:\/\/transparencia.cfp.org.br\/crp07\/wp-content\/uploads\/sites\/8\/2024\/12\/Funcionarios_Abril_2024.pdf"},{"file_uploaded":11121,"document_name":"Deslocamentos, Di\u00e1ria, Aux\u00edlio de Representa\u00e7\u00e3o e Hospedagem_Colaboradores e Convidados_ Abril_2024","link":"https:\/\/transparencia.cfp.org.br\/crp07\/wp-content\/uploads\/sites\/8\/2024\/12\/Colaboradores_Convidados_Abril_2024.pdf"},{"file_uploaded":11122,"document_name":"Deslocamentos, Di\u00e1ria, Aux\u00edlio de Representa\u00e7\u00e3o e Hospedagem_Conselheiros_Maio_2024","link":"https:\/\/transparencia.cfp.org.br\/crp07\/wp-content\/uploads\/sites\/8\/2024\/12\/Conselheiros_Maio_2024.pdf"},{"file_uploaded":11123,"document_name":"Deslocamentos, Di\u00e1ria, Aux\u00edlio de Representa\u00e7\u00e3o e Hospedagem _Funcion\u00e1rios_ Maio_2024","link":"https:\/\/transparencia.cfp.org.br\/crp07\/wp-content\/uploads\/sites\/8\/2024\/12\/Funcionarios_Maio_2024.pdf"},{"file_uploaded":11124,"document_name":"Deslocamentos, Di\u00e1ria, Aux\u00edlio de Representa\u00e7\u00e3o e Hospedagem_Conselheiros_Junho_2024","link":"https:\/\/transparencia.cfp.org.br\/crp07\/wp-content\/uploads\/sites\/8\/2024\/12\/Conselheiros_Junho_2024.pdf"},{"file_uploaded":11125,"document_name":"Deslocamentos, Di\u00e1ria, Aux\u00edlio de Representa\u00e7\u00e3o e Hospedagem _Funcion\u00e1rios_ Junho_2024","link":"https:\/\/transparencia.cfp.org.br\/crp07\/wp-content\/uploads\/sites\/8\/2024\/12\/Funcionarios_Junho_2024.pdf"},{"file_uploaded":11126,"document_name":"Deslocamentos, Di\u00e1ria, Aux\u00edlio de Representa\u00e7\u00e3o e Hospedagem_Colaboradores e Convidados_ Junho_2024","link":"https:\/\/transparencia.cfp.org.br\/crp07\/wp-content\/uploads\/sites\/8\/2024\/12\/Colaboradores_Convidados_Junho_2024.pdf"},{"file_uploaded":11127,"document_name":"Deslocamentos, Di\u00e1ria, Aux\u00edlio de Representa\u00e7\u00e3o e Hospedagem_Conselheiros_Julho_2024","link":"https:\/\/transparencia.cfp.org.br\/crp07\/wp-content\/uploads\/sites\/8\/2024\/12\/Conselheiros_Julho_2024.pdf"},{"file_uploaded":11128,"document_name":"Deslocamentos, Di\u00e1ria, Aux\u00edlio de Representa\u00e7\u00e3o e Hospedagem _Funcion\u00e1rios_ Julho_2024","link":"https:\/\/transparencia.cfp.org.br\/crp07\/wp-content\/uploads\/sites\/8\/2024\/12\/Funcionarios_Julho_2024.pdf"},{"file_uploaded":11129,"document_name":"Deslocamentos, Di\u00e1ria, Aux\u00edlio de Representa\u00e7\u00e3o e Hospedagem_Colaboradores e Convidados_ Julho_2024","link":"https:\/\/transparencia.cfp.org.br\/crp07\/wp-content\/uploads\/sites\/8\/2024\/12\/Colaboradores_Convidados_Julho_2024.pdf"},{"file_uploaded":11181,"document_name":"Deslocamentos, Di\u00e1ria, Aux\u00edlio de Representa\u00e7\u00e3o e Hospedagem_Conselheiros_ Agosto_2024","link":"https:\/\/transparencia.cfp.org.br\/crp07\/wp-content\/uploads\/sites\/8\/2024\/12\/Conselheiros_Agosto_2024.pdf"},{"file_uploaded":11182,"document_name":"Deslocamentos, Di\u00e1ria, Aux\u00edlio de Representa\u00e7\u00e3o e Hospedagem _Funcion\u00e1rios_ Agosto_2024","link":"https:\/\/transparencia.cfp.org.br\/crp07\/wp-content\/uploads\/sites\/8\/2024\/12\/Funcionarios_Agosto_2024.pdf"},{"file_uploaded":11183,"document_name":"Deslocamentos, Di\u00e1ria, Aux\u00edlio de Representa\u00e7\u00e3o e Hospedagem_Colaboradores e Convidados_ Agosto_2024","link":"https:\/\/transparencia.cfp.org.br\/crp07\/wp-content\/uploads\/sites\/8\/2024\/12\/Colaboradores_Convidados_Agosto_2024.pdf"},{"file_uploaded":11184,"document_name":"Deslocamentos, Di\u00e1ria, Aux\u00edlio de Representa\u00e7\u00e3o e Hospedagem_Conselheiros_ Setembro_2024","link":"https:\/\/transparencia.cfp.org.br\/crp07\/wp-content\/uploads\/sites\/8\/2024\/12\/Conselheiros_Setembro_2024.pdf"},{"file_uploaded":11186,"document_name":"Deslocamentos, Di\u00e1ria, Aux\u00edlio de Representa\u00e7\u00e3o e Hospedagem _Funcion\u00e1rios_ Setembro_2024","link":"https:\/\/transparencia.cfp.org.br\/crp07\/wp-content\/uploads\/sites\/8\/2024\/12\/Funcionarios_Setembro_2024-1.pdf"},{"file_uploaded":11187,"document_name":"Deslocamentos, Di\u00e1ria, Aux\u00edlio de Representa\u00e7\u00e3o e Hospedagem_Colaboradores e Convidados_ Setembro_2024","link":"https:\/\/transparencia.cfp.org.br\/crp07\/wp-content\/uploads\/sites\/8\/2024\/12\/Colaboradores_Convidados_Setembro_2024.pdf"},{"file_uploaded":11188,"document_name":"Deslocamentos, Di\u00e1ria, Aux\u00edlio de Representa\u00e7\u00e3o e Hospedagem_Conselheiros_ Outubro_2024","link":"https:\/\/transparencia.cfp.org.br\/crp07\/wp-content\/uploads\/sites\/8\/2024\/12\/Conselheiros_Outubro_2024.pdf"},{"file_uploaded":11189,"document_name":"Deslocamentos, Di\u00e1ria, Aux\u00edlio de Representa\u00e7\u00e3o e Hospedagem _Funcion\u00e1rios_ Outubro_2024","link":"https:\/\/transparencia.cfp.org.br\/crp07\/wp-content\/uploads\/sites\/8\/2024\/12\/Colaboradores_Convidados_Outubro_2024.pdf"},{"file_uploaded":11190,"document_name":"Deslocamentos, Di\u00e1ria, Aux\u00edlio de Representa\u00e7\u00e3o e Hospedagem_Colaboradores e Convidados_ Outubro_2024","link":"https:\/\/transparencia.cfp.org.br\/crp07\/wp-content\/uploads\/sites\/8\/2024\/12\/Colaboradores_Convidados_Outubro_2024-1.pdf"},{"file_uploaded":11352,"document_name":"Deslocamentos, Di\u00e1ria, Aux\u00edlio de Representa\u00e7\u00e3o e Hospedagem_Conselheiros_ Novembro_2024","link":"https:\/\/transparencia.cfp.org.br\/crp07\/wp-content\/uploads\/sites\/8\/2024\/12\/Conselheiros_Novembro_2024.pdf"},{"file_uploaded":11353,"document_name":"Deslocamentos, Di\u00e1ria, Aux\u00edlio de Representa\u00e7\u00e3o e Hospedagem _Funcion\u00e1rios_ Novembro_2024","link":"https:\/\/transparencia.cfp.org.br\/crp07\/wp-content\/uploads\/sites\/8\/2024\/12\/Funcionarios_Novembro_2024.pdf"},{"file_uploaded":11354,"document_name":"Deslocamentos, Di\u00e1ria, Aux\u00edlio de Representa\u00e7\u00e3o e Hospedagem_Colaboradores e Convidados_ Novembro_2024","link":"https:\/\/transparencia.cfp.org.br\/crp07\/wp-content\/uploads\/sites\/8\/2024\/12\/Colaboradores_Convidados_Novembro_2024.pdf"},{"file_uploaded":11355,"document_name":"Deslocamentos, Di\u00e1ria, Aux\u00edlio de Representa\u00e7\u00e3o e Hospedagem_Conselheiros_ Dezembro_2024","link":"https:\/\/transparencia.cfp.org.br\/crp07\/wp-content\/uploads\/sites\/8\/2024\/12\/Conselheiros_Dezembro_2024.pdf"},{"file_uploaded":11356,"document_name":"Deslocamentos, Di\u00e1ria, Aux\u00edlio de Representa\u00e7\u00e3o e Hospedagem _Funcion\u00e1rios_ Dezembro_2024","link":"https:\/\/transparencia.cfp.org.br\/crp07\/wp-content\/uploads\/sites\/8\/2024\/12\/Funcionarios_Dezembro_2024.pdf"},{"file_uploaded":11357,"document_name":"Deslocamentos, Di\u00e1ria, Aux\u00edlio de Representa\u00e7\u00e3o e Hospedagem_Colaboradores e Convidados_ Dezembro_2024","link":"https:\/\/transparencia.cfp.org.br\/crp07\/wp-content\/uploads\/sites\/8\/2024\/12\/Colaboradores_Convidados_Dezembro_2024.pdf"}]}