
{"id":3993,"slug":"portaria-no-058-2017-revoga-a-portaria-no-016-2013-e-nomea-funcionaria-para-cargo-de-coordenadora-da-area-de-comunicacao","link":"https:\/\/transparencia.cfp.org.br\/crp07\/legislacao\/portaria-no-058-2017-revoga-a-portaria-no-016-2013-e-nomea-funcionaria-para-cargo-de-coordenadora-da-area-de-comunicacao\/","class_list":["post-3993","legislacao","type-legislacao","status-publish","hentry","legislacao_categoria-portarias-do-crp"],"titulo":"Portaria n\u00ba 058\/2017 \u2013 Revoga a Portaria n\u00ba 016\/2013 e Nome\u00e1 Funcion\u00e1ria para Cargo de Coordenadora da \u00c1rea de Comunica\u00e7\u00e3o","conteudo":"Revogada atrav\u00e9s da Portaria 066\/2018\n","documentos":[{"file_uploaded":3994,"document_name":"Portaria n\u00ba 058\/2017 \u2013 Revoga a Portaria n\u00ba 016\/2013 e Nome\u00e1 Funcion\u00e1ria para Cargo de Coordenadora da \u00c1rea de Comunica\u00e7\u00e3o","link":"https:\/\/transparencia.cfp.org.br\/crp07\/wp-content\/uploads\/sites\/8\/2018\/01\/Portaria-058-2017.pdf"}],"_legislacao_categoria":[{"id":82,"nome":"Portarias do CRP","slug":"portarias-do-crp","link":"https:\/\/dev-transparencia.cfp.org.br\/wp-json\/wp\/v2\/legislacao?legislacaocategoria=portarias-do-crp"}]}