
{"id":969,"slug":"relatorio-da-comissao-eleitoral-especial-2016","link":"https:\/\/transparencia.cfp.org.br\/crp07\/eleicao\/relatorio-da-comissao-eleitoral-especial-2016\/","class_list":["post-969","eleicao","type-eleicao","status-publish","hentry"],"documentos":[{"file_uploaded":1748,"document_name":"Relat\u00f3rios 27 agosto a 08 setembro 2016","link":"https:\/\/transparencia.cfp.org.br\/crp07\/wp-content\/uploads\/sites\/8\/2016\/11\/Relat-27-Ago-08-Set-2016.pdf"},{"file_uploaded":1750,"document_name":"Relat\u00f3rios 09 agosto a 26 agosto 2016","link":"https:\/\/transparencia.cfp.org.br\/crp07\/wp-content\/uploads\/sites\/8\/2016\/11\/Relat-09-a-26-Ago-2016.pdf"},{"file_uploaded":1751,"document_name":"Relat\u00f3rios julho - agosto 2016","link":"https:\/\/transparencia.cfp.org.br\/crp07\/wp-content\/uploads\/sites\/8\/2016\/11\/Relat-Jul-Ago-2016.pdf"},{"file_uploaded":1752,"document_name":"Relat\u00f3rios junho 2016","link":"https:\/\/transparencia.cfp.org.br\/crp07\/wp-content\/uploads\/sites\/8\/2016\/11\/Relat-Jun-2016.pdf"},{"file_uploaded":1753,"document_name":"Relat\u00f3rios janeiro - maio 2016","link":"https:\/\/transparencia.cfp.org.br\/crp07\/wp-content\/uploads\/sites\/8\/2016\/11\/Relat-Jan-Mai-2016.pdf"}],"titulo":"Relat\u00f3rio da Comiss\u00e3o Eleitoral Especial 2016","conteudo":"Relat\u00f3rio elaborado pela Comiss\u00e3o Eleitoral Especial \u2013 CEE ap\u00f3s a Consulta Nacional 2016.\n"}