
{"id":1420,"slug":"comissao-de-educacao","link":"https:\/\/transparencia.cfp.org.br\/crp07\/comissao\/comissao-de-educacao\/","class_list":["post-1420","comissao","type-comissao","status-publish","hentry","comissao_carater-especial"],"_comissao_carater":[{"id":84,"nome":"Especial","slug":"especial","link":"https:\/\/dev-transparencia.cfp.org.br\/wp-json\/wp\/v2\/comissao?comissaocarater=especial"}],"titulo":"Comiss\u00e3o de Educa\u00e7\u00e3o","conteudo":"\u00c9 um espa\u00e7o de discuss\u00e3o e avalia\u00e7\u00e3o das pol\u00edticas e a atua\u00e7\u00e3o da\/o psic\u00f3loga\/o no campo educacional e escolar.\nPresidenta: GABRIELA ZANELLA\nN\u00facleo de Educa\u00e7\u00e3o da Subsede Serra\nCoordenadora\/or:\nN\u00facleo de Educa\u00e7\u00e3o da Subsede Sul\nCoordenadora\/or:\nN\u00facleo de Educa\u00e7\u00e3o da Subsede Centro-Oeste\nCoordenadora\/or:\nN\u00facleo de Educa\u00e7\u00e3o da Regi\u00e3o Metropolitana\nCoordenadora\/or:\n"}