
{"id":1391,"slug":"comissao-de-descentralizacao","link":"https:\/\/transparencia.cfp.org.br\/crp07\/comissao\/comissao-de-descentralizacao\/","class_list":["post-1391","comissao","type-comissao","status-publish","hentry","comissao_carater-especial"],"_comissao_carater":[{"id":84,"nome":"Especial","slug":"especial","link":"https:\/\/dev-transparencia.cfp.org.br\/wp-json\/wp\/v2\/comissao?comissaocarater=especial"}],"titulo":"Comiss\u00e3o de Descentraliza\u00e7\u00e3o","conteudo":"A Comiss\u00e3o de Descentraliza\u00e7\u00e3o (CODECEN) \u00e9 uma comiss\u00e3o interno do Conselho que tem como objetivo promover conversa\u00e7\u00f5es e implementar o processo de descentraliza\u00e7\u00e3o das a\u00e7\u00f5es do CRPRS, por meio da implementa\u00e7\u00e3o de estrat\u00e9gias pol\u00edtico-administrativa e t\u00e9cnico-operacional, ampliando o acesso da categoria profissional \u00e0s a\u00e7\u00f5es de orienta\u00e7\u00e3o, fiscaliza\u00e7\u00e3o e participa\u00e7\u00e3o nas inst\u00e2ncias do Sistema Conselhos, com base nos princ\u00edpios da equidade territorial, da justi\u00e7a social e do compromisso \u00e9tico com os direitos humanos.\nPresidenta:\u00a0GABRIELA ZANELLA\nPOLOS\nPolo Passo Fundo\nCoordenadora:\u00a0ELIANA SARDI BORTOLON\nPolo Litoral Norte\nCoordenador:\u00a0GILBERTO GERSON\nPolo da Regi\u00e3o Celeiro\nCoordenadora:\u00a0IZABEL CRISTINA DALAGNO\nPolo Bag\u00e9\nCoordenadora:\u00a0LOUISIE PRISCILA DE CAMPOS COSTA DE AVILA\nPolo Alto Uruguai\nCoordenadora:\u00a0MONIQUE MAINA MILKIEWICZ ROSSET\nPolo dos Ervais\nCoordenadora: CLENI DA FATIMA DA SILVA MACHADO PILZ\nPolo Cruz Alta\nA definir.\n"}