
{"id":72,"count":4,"description":"Atuando na regi\u00e3o Centro-Oeste, \u00e9 o espa\u00e7o da Comiss\u00e3o de Pol\u00edticas P\u00fablicas para discutir demandas locais e promover a articula\u00e7\u00e3o das representa\u00e7\u00f5es da categoria nas inst\u00e2ncias de controle social da regi\u00e3o.\r\n\r\n","link":"https:\/\/transparencia.cfp.org.br\/crp07\/ata\/reuniao\/nucleo-de-politicas-publicas-da-subsede-centro-oeste\/","name":"N\u00facleo de Pol\u00edticas P\u00fablicas da Subsede Centro-Oeste","slug":"nucleo-de-politicas-publicas-da-subsede-centro-oeste","taxonomy":"ata_reuniao","parent":0,"meta":[],"_links":{"self":[{"href":"https:\/\/transparencia.cfp.org.br\/crp07\/wp-json\/wp\/v2\/ata_reuniao\/72","targetHints":{"allow":["GET"]}}],"collection":[{"href":"https:\/\/transparencia.cfp.org.br\/crp07\/wp-json\/wp\/v2\/ata_reuniao"}],"about":[{"href":"https:\/\/transparencia.cfp.org.br\/crp07\/wp-json\/wp\/v2\/taxonomies\/ata_reuniao"}],"wp:post_type":[{"href":"https:\/\/transparencia.cfp.org.br\/crp07\/wp-json\/wp\/v2\/ata?ata_reuniao=72"}],"curies":[{"name":"wp","href":"https:\/\/api.w.org\/{rel}","templated":true}]}}