
{"id":4324,"slug":"registro-das-reunioes-do-nucleo-de-politicas-publicas-da-subsede-centro-oeste-2018","link":"https:\/\/transparencia.cfp.org.br\/crp07\/ata\/registro-das-reunioes-do-nucleo-de-politicas-publicas-da-subsede-centro-oeste-2018\/","class_list":["post-4324","ata","type-ata","status-publish","hentry","ata_reuniao-nucleo-de-politicas-publicas-da-subsede-centro-oeste"],"documentos":[{"file_uploaded":4326,"document_name":"Registro 26 fevereiro 2018","link":"https:\/\/transparencia.cfp.org.br\/crp07\/wp-content\/uploads\/sites\/8\/2018\/02\/REGISTRO-REUNI\u00c3O-npp-CO-2602-2018.pdf"},{"file_uploaded":4327,"document_name":"Registro 26 fevereiro 2018","link":"https:\/\/transparencia.cfp.org.br\/crp07\/wp-content\/uploads\/sites\/8\/2018\/02\/NPP-CO-Relat\u00f3rios-260218.pdf"},{"file_uploaded":4328,"document_name":"Registro 08 mar\u00e7o 2018","link":"https:\/\/transparencia.cfp.org.br\/crp07\/wp-content\/uploads\/sites\/8\/2018\/02\/NPP-CO-Relat\u00f3rios-080318.pdf"},{"file_uploaded":4372,"document_name":"Registro 26 mar\u00e7o 2018 ","link":"https:\/\/transparencia.cfp.org.br\/crp07\/wp-content\/uploads\/sites\/8\/2018\/02\/Registro-relatorios-26-mar\u00e7o-2018.pdf"},{"file_uploaded":4373,"document_name":"Registro 26 mar\u00e7o 2018","link":"https:\/\/transparencia.cfp.org.br\/crp07\/wp-content\/uploads\/sites\/8\/2018\/02\/Registro-26-mar\u00e7o-2018-2.pdf"},{"file_uploaded":5018,"document_name":"Registro 20 julho 2018","link":"https:\/\/transparencia.cfp.org.br\/crp07\/wp-content\/uploads\/sites\/8\/2018\/03\/REGISTRO-REUNI\u00c3O-leitura-de-relat\u00f3rios-NPPCO-300718.pdf"},{"file_uploaded":5017,"document_name":"Registro 30 julho 2018","link":"https:\/\/transparencia.cfp.org.br\/crp07\/wp-content\/uploads\/sites\/8\/2018\/03\/REGISTRO-REUNI\u00c3O-npp-CO-300718.pdf"},{"file_uploaded":5772,"document_name":"Registro 17 dezembro 2018","link":"https:\/\/transparencia.cfp.org.br\/crp07\/wp-content\/uploads\/sites\/8\/2018\/03\/NPP-COESTE-17.12.18.pdf"}],"_ata_reuniao":[{"id":72,"nome":"N\u00facleo de Pol\u00edticas P\u00fablicas da Subsede Centro-Oeste","slug":"nucleo-de-politicas-publicas-da-subsede-centro-oeste","link":"https:\/\/dev-transparencia.cfp.org.br\/wp-json\/wp\/v2\/ata?atareuniao=nucleo-de-politicas-publicas-da-subsede-centro-oeste"}],"titulo":"Registro das reuni\u00f5es do N\u00facleo de Pol\u00edticas P\u00fablicas da Subsede Centro-Oeste \u2013 2018","conteudo":""}