
{"slug":"plano-de-carreira","excerpt":{"rendered":"<p>Editais de avalia\u00e7\u00e3o peri\u00f3dica de desempenho N. 02\/2026 ANEXOS do Edital 01\/2026 da Avalia\u00e7\u00e3o Peri\u00f3dica de Desempenho Anexo I \u2013 Documentos comprobat\u00f3rios de qualifica\u00e7\u00e3o N. 01\/2026 Edital de avalia\u00e7\u00e3o peri\u00f3dica de desempenho N. 01\/2026 N. 02\/2025 Edital de retifica\u00e7\u00e3o da&#8230; <a class=\"moretag\" href=\"https:\/\/transparencia.cfp.org.br\/crp06\/gestao-de-pessoas\/plano-de-carreira\/\">Continue lendo<\/a><\/p>\n","protected":false},"titulo":"Plano de Empregos, Carreiras e Sal\u00e1rios","conteudo":"\n\n\nEditais de avalia\u00e7\u00e3o peri\u00f3dica de desempenho\n\n\nN. 02\/2026\nANEXOS do Edital 01\/2026 da Avalia\u00e7\u00e3o Peri\u00f3dica de Desempenho\nAnexo I \u2013 Documentos comprobat\u00f3rios de qualifica\u00e7\u00e3o\n\n\nN. 01\/2026\nEdital de avalia\u00e7\u00e3o peri\u00f3dica de desempenho N. 01\/2026\n\n\nN. 02\/2025\nEdital de retifica\u00e7\u00e3o da avalia\u00e7\u00e3o de peri\u00f3dica de desempenho N. 01\/2025.\n\n\nN. 01\/2025\nEdital de avalia\u00e7\u00e3o peri\u00f3dica de desempenho N. 01\/2025\n\n\nN. 02\/2025\nEdital de retifica\u00e7\u00e3o da avalia\u00e7\u00e3o de peri\u00f3dica de desempenho N. 01\/2025.\n\n\nN. 01\/2024\nEdital de avalia\u00e7\u00e3o peri\u00f3dica de desempenho N. 01\/2024\n\n\nN. 02\/2024\nRetifica\u00e7\u00e3o do Edital de Avalia\u00e7\u00e3o Peri\u00f3dica de Desempenho N. 01\/2024\n\n\n\n\u00a0\n\n\n\nResultados das avalia\u00e7\u00f5es peri\u00f3dicas de desempenho\n\n\n2024\/2025\nLista de contemplados no per\u00edodo\n\n\n2023\/2024\nLista de contemplados no per\u00edodo\n\n\n2017\/2018\nLista de contemplados no per\u00edodo\n\n\n\n\u00a0\n\n\n\nN\u00ba da Resolu\u00e7\u00e3o\nData do ato normativo\nEmenta da Resolu\u00e7\u00e3o\n\n\nResolu\u00e7\u00e3o n. 003\/2022\n29\/08\/2022\nDisp\u00f5e sobre a Estrutura Administrativa e do Quadro de Gest\u00e3o do Conselho Regional de Psicologia da 6\u00aa Regi\u00e3o \u2013 CRP-06.\n\n\nAnexo I da Resolu\u00e7\u00e3o n. 003\/2022\n29\/08\/2022\nRegulamenta o Sistema de Avalia\u00e7\u00e3o de Desempenho do Quadro Funcional do Conselho Regional de Psicologia da 6\u00aa Regi\u00e3o \u2013 CRP-06.\n\n\nAnexo II da Resolu\u00e7\u00e3o n. 003\/2022\n29\/08\/2022\nDisp\u00f5e sobre o Plano de Empregos, Carreiras e Sal\u00e1rios das\/os trabalhadoras\/es do Conselho Regional de Psicologia da 6\u00aa Regi\u00e3o \u2013 CRP-06.\n\n\nResolu\u00e7\u00e3o n. 004\/2022\n22\/09\/2022\nAltera a Resolu\u00e7\u00e3o CRP n. 003\/2022, para criar a fun\u00e7\u00e3o de confian\u00e7a de Secret\u00e1ria\/o Executiva\/o no Quadro de Gest\u00e3o do Conselho Regional de Psicologia da 6\u00aa Regi\u00e3o \u2013 CRP-06.\n\n\nResolu\u00e7\u00e3o n. 005\/2022\n25\/11\/2022\nRetificar o art. 29, do Anexo II, da Resolu\u00e7\u00e3o CRP n. 003\/2022, do Conselho Regional de Psicologia da 6\u00aa Regi\u00e3o \u2013 CRP-06.\n\n\nResolu\u00e7\u00e3o n. 002\/2023\nAnexo II A\nAnexo II D\nAnexo II F\n28\/02\/2023\nExclui do Quadro de Empregos para extin\u00e7\u00e3o na vac\u00e2ncia de Profissional de Suporte T\u00e9cnico \u2013 PST previsto na Resolu\u00e7\u00e3o n. 003\/2022 e prorroga o prazo para a vig\u00eancia da Resolu\u00e7\u00e3o n. 003\/2022.\n\n\nResolu\u00e7\u00e3o n. 004\/2023\nAnexo II A\nAnexo II D\n08\/08\/2023\nAcrescenta perfil no emprego p\u00fablico de T\u00e9cnica\/o Especializado em Suporte Administrativo e de Analista em Gest\u00e3o e d\u00e1 provid\u00eancias correlatas.\n\n\nResolu\u00e7\u00e3o CRP n. 08\/2024\n\n09\/12\/2024\nAltera o Anexo II da Resolu\u00e7\u00e3o CRP-06 n\u00ba 003\/2022, para ajustar o per\u00edodo de interst\u00edcio da evolu\u00e7\u00e3o funcional.\n\n\nResolu\u00e7\u00e3o CRP n. 04\/2025\n\n25\/03\/2025\nAltera a reda\u00e7\u00e3o da Resolu\u00e7\u00e3o CRP-06 n\u00ba 03\/2022\n\n\n\n\u00a0\n\n\n\nNormativos e documenta\u00e7\u00f5es de anos anteriores\n\n\nPLANO DE CARGOS CARREIRAS E SAL\u00c1RIOS_PCCS_2018\nPLANO DE AVALIA\u00c7\u00c3O E DESEMPENHO_PCCS_2018\nNORMATIVO DE ADMINISTRA\u00c7\u00c3O \u2013 ESTRUTURA ORGANIZACIONAL- PCCS 2018\nNORMATIVO DE PESSOAL \u2013 CARGOS DE LIVRE PROVIMENTO \u2013 PCCS 2018\n\n\n\n\n\n\n\n\n\n\n\n\n\n\n\n\n\n\n\n\n\n\n\n\n"}