
{"id":9853,"slug":"edital-de-convocacao-para-assembleia-orcamentaria-edital-no-001-2024-realizacao-16-08-2024","link":"https:\/\/transparencia.cfp.org.br\/crp06\/legislacao\/edital-de-convocacao-para-assembleia-orcamentaria-edital-no-001-2024-realizacao-16-08-2024\/","class_list":["post-9853","legislacao","type-legislacao","status-publish","hentry","legislacao_categoria-edital-de-convocacao-para-assembleia-orcamentaria"],"titulo":"Edital de Convoca\u00e7\u00e3o para Assembleia Or\u00e7ament\u00e1ria \u2013 EDITAL N\u00ba 001\/2024 \u2013 Realiza\u00e7\u00e3o: 16\/08\/2024","conteudo":"\u00a0\n\n","documentos":[{"file_uploaded":9854,"document_name":"Edital de Convoca\u00e7\u00e3o para Assembleia Or\u00e7ament\u00e1ria - EDITAL N\u00ba 001\/2024 - Realiza\u00e7\u00e3o: 16\/08\/2024","link":"https:\/\/transparencia.cfp.org.br\/crp06\/wp-content\/uploads\/sites\/29\/2024\/07\/Edital-Convocacao-Assembleia-Geral-Orcamentaria-assinado.pdf"}],"_legislacao_categoria":[{"id":76,"nome":"Edital de Convoca\u00e7\u00e3o para Assembleia Or\u00e7ament\u00e1ria","slug":"edital-de-convocacao-para-assembleia-orcamentaria","link":"https:\/\/dev-transparencia.cfp.org.br\/wp-json\/wp\/v2\/legislacao?legislacaocategoria=edital-de-convocacao-para-assembleia-orcamentaria"}]}