
{"id":12815,"slug":"edital-de-convocacao-para-assembleia-geral-extraordinaria-edital-no-002-2026-realizacao-19-05-2026","link":"https:\/\/transparencia.cfp.org.br\/crp06\/legislacao\/edital-de-convocacao-para-assembleia-geral-extraordinaria-edital-no-002-2026-realizacao-19-05-2026\/","class_list":["post-12815","legislacao","type-legislacao","status-publish","hentry","legislacao_categoria-edital-de-convocacao-para-assembleia-extraordinaria"],"titulo":"Edital de Convoca\u00e7\u00e3o para Assembleia Geral Extraordin\u00e1ria \u2013 EDITAL N\u00ba 002\/2026 \u2013 Realiza\u00e7\u00e3o: 19\/05\/2026","conteudo":"","documentos":[{"file_uploaded":12857,"document_name":"Edital de Convoca\u00e7\u00e3o para Assembleia Geral Extraordin\u00e1ria \u2013 EDITAL N\u00ba 002\/2026 \u2013 Realiza\u00e7\u00e3o: 19\/05\/2026","link":"https:\/\/transparencia.cfp.org.br\/crp06\/wp-content\/uploads\/sites\/29\/2026\/04\/SEI-570600321.000164_2026-18-versao-atualizada-edital-2-assembleia-geral-extraordinaria-02042026.pdf"},{"file_uploaded":12915,"document_name":"Extrato - Di\u00e1rio Oficial da Uni\u00e3o (DOU)","link":"https:\/\/transparencia.cfp.org.br\/crp06\/wp-content\/uploads\/sites\/29\/2026\/04\/Extrato-DOU-Edital_2786738_Publicacao_Edital_Assembleia_Geral_Extraordinaria_190526.pdf"}],"_legislacao_categoria":[{"id":90,"nome":"Edital de Convoca\u00e7\u00e3o para Assembleia Extraordin\u00e1ria","slug":"edital-de-convocacao-para-assembleia-extraordinaria","link":"https:\/\/dev-transparencia.cfp.org.br\/wp-json\/wp\/v2\/legislacao?legislacaocategoria=edital-de-convocacao-para-assembleia-extraordinaria"}]}