
{"id":12673,"slug":"edital-de-convocacao-para-assembleia-geral-extraordinaria-edital-no-001-2026-realizacao-31-03-2026","link":"https:\/\/transparencia.cfp.org.br\/crp06\/legislacao\/edital-de-convocacao-para-assembleia-geral-extraordinaria-edital-no-001-2026-realizacao-31-03-2026\/","class_list":["post-12673","legislacao","type-legislacao","status-publish","hentry","legislacao_categoria-edital-de-convocacao-para-assembleia-extraordinaria"],"titulo":"Edital de Convoca\u00e7\u00e3o para Assembleia Geral Extraordin\u00e1ria \u2013 EDITAL N\u00ba 001\/2026 \u2013 Realiza\u00e7\u00e3o: 31\/03\/2026","conteudo":"Assembleia adiada para a data 19\/05\/2026\n\n\n","documentos":[{"file_uploaded":12674,"document_name":"Edital de Convoca\u00e7\u00e3o para Assembleia Geral Extraordin\u00e1ria \u2013 EDITAL N\u00ba 001\/2026 \u2013 Realiza\u00e7\u00e3o: 31\/03\/2026","link":"https:\/\/transparencia.cfp.org.br\/crp06\/wp-content\/uploads\/sites\/29\/2026\/02\/Edital-n.1-2026_Assembleia-Geral-Extraordinaria.pdf"}],"_legislacao_categoria":[{"id":90,"nome":"Edital de Convoca\u00e7\u00e3o para Assembleia Extraordin\u00e1ria","slug":"edital-de-convocacao-para-assembleia-extraordinaria","link":"https:\/\/dev-transparencia.cfp.org.br\/wp-json\/wp\/v2\/legislacao?legislacaocategoria=edital-de-convocacao-para-assembleia-extraordinaria"}]}