
{"id":11071,"slug":"edital-de-convocacao-para-assembleia-orcamentaria-edital-no-001-2025-realizacao-15-08-2025","link":"https:\/\/transparencia.cfp.org.br\/crp06\/legislacao\/edital-de-convocacao-para-assembleia-orcamentaria-edital-no-001-2025-realizacao-15-08-2025\/","class_list":["post-11071","legislacao","type-legislacao","status-publish","hentry","legislacao_categoria-edital-de-convocacao-para-assembleia-orcamentaria"],"titulo":"Edital de Convoca\u00e7\u00e3o para Assembleia Or\u00e7ament\u00e1ria \u2013 EDITAL N\u00ba 001\/2025 \u2013 Realiza\u00e7\u00e3o: 15\/08\/2025","conteudo":"\n\n\n\n","documentos":[{"file_uploaded":11072,"document_name":"Edital de Convoca\u00e7\u00e3o para Assembleia Or\u00e7ament\u00e1ria \u2013 EDITAL N\u00ba 001\/2025 \u2013 Realiza\u00e7\u00e3o: 15\/08\/2025","link":"https:\/\/transparencia.cfp.org.br\/crp06\/wp-content\/uploads\/sites\/29\/2025\/06\/Edital-de-Publicacao-Assembleia-Orcamentaria-15082025.pdf"},{"file_uploaded":11330,"document_name":"RETIFICA\u00c7\u00c3O - Edital de Convoca\u00e7\u00e3o para Assembleia Or\u00e7ament\u00e1ria \u2013 EDITAL N\u00ba 001\/2025 \u2013 Realiza\u00e7\u00e3o: 15\/08\/2025","link":"https:\/\/transparencia.cfp.org.br\/crp06\/wp-content\/uploads\/sites\/29\/2025\/06\/SEI-570600321.000521_2025-59-retificacao-do-Edital-da-Assembleia-Orcamentaria-15082025.pdf"}],"_legislacao_categoria":[{"id":76,"nome":"Edital de Convoca\u00e7\u00e3o para Assembleia Or\u00e7ament\u00e1ria","slug":"edital-de-convocacao-para-assembleia-orcamentaria","link":"https:\/\/dev-transparencia.cfp.org.br\/wp-json\/wp\/v2\/legislacao?legislacaocategoria=edital-de-convocacao-para-assembleia-orcamentaria"}]}