
{"id":2983,"slug":"xiii-plenario-gestao-2013-2016-copy","link":"https:\/\/transparencia.cfp.org.br\/crp06\/gestao\/xiii-plenario-gestao-2013-2016-copy\/","class_list":["post-2983","gestao","type-gestao","status-publish","hentry"],"titulo":"XIII Plen\u00e1rio (Gest\u00e3o 2013 \u2013 2016)","conteudo":"Diretoria\nPresidenta |\nElisa Zaneratto Rosa\nVice-presidenta |\nAdriana Eiko Matsumoto\nSecret\u00e1rio |\nJos\u00e9 Agnaldo Gomes\nTesoureiro |\nGuilherme Luz Fenerich\n\nConselheiros\nAlacir Villa Valle Cruces, Aristeu Bertelli da Silva, Bruno Sim\u00f5es Gon\u00e7alves, Camila de Freitas Teodoro, Dario Henrique Te\u00f3filo Schezzi, Gabriela Gramkow, Gra\u00e7a Maria de Carvalho Camara, Gustavo de Lima Bernardes Sales,\nIlana Mountian, Jana\u00edna Lesl\u00e3o Garcia, Joari Aparecido Soares de Carvalho, Livia Gonsalves Toledo, Luis Fernando de Oliveira Saraiva, Luiz Eduardo Valiengo Berni, Maria das Gra\u00e7as Mazarin de Araujo, Maria Erm\u00ednia Ciliberti,\nMar\u00edlia Capponi, Mirnamar Pinto da Fonseca Pagliuso, Moacyr Miniussi Bertolino Neto, Regiane Aparecida Piva, Sandra Elena Sp\u00f3sito, Sergio Augusto Garcia Junior, Silvio Yasu\n"}