
{"id":4321,"slug":"eleicoes-2025","link":"https:\/\/transparencia.cfp.org.br\/crp03\/eleicao\/eleicoes-2025\/","class_list":["post-4321","eleicao","type-eleicao","status-publish","hentry"],"documentos":[{"file_uploaded":4323,"document_name":"Homologa\u00e7\u00e3o das Elei\u00e7\u00f5es","link":"https:\/\/transparencia.cfp.org.br\/crp03\/wp-content\/uploads\/sites\/13\/2025\/10\/SEI_2409244_Parecer_38.pdf"}],"titulo":"Elei\u00e7\u00f5es 2025","conteudo":"Apura\u00e7\u00e3o das Elei\u00e7\u00f5es de 2025 para o XVIII Plen\u00e1rio do CRP-03:\n\u00a0\nCHAPA 12 \u2013 Psicologias em movimento Votos 3.609 \/ (52,15% \/ V\u00e1lidos: 62,10%)\nCHAPA 11 \u2013 Mobiliza Psi: Democracia e Equidade Social Votos 2.203 (31,83% \/ V\u00e1lidos: 37,90%)\nNULOS \u2013 Voto 751 \/ 10.85%\nBRANCOS 358 \/ 5,17%\nTOTAL: 6.921 \/ 100%\nTOTAL V\u00c1LIDOS: 5.812\n"}