
{"id":2619,"slug":"eleicoes-2019","link":"https:\/\/transparencia.cfp.org.br\/crp03\/eleicao\/eleicoes-2019\/","class_list":["post-2619","eleicao","type-eleicao","status-publish","hentry"],"documentos":[{"file_uploaded":2620,"document_name":"Resultado","link":"https:\/\/transparencia.cfp.org.br\/crp03\/wp-content\/uploads\/sites\/13\/2020\/11\/resultado_consolidado_2019_.pdf"},{"file_uploaded":2621,"document_name":"Ata de Posse","link":"https:\/\/transparencia.cfp.org.br\/crp03\/wp-content\/uploads\/sites\/13\/2020\/11\/ata-cerimoniadeposse-setembro2019-1.pdf"}],"titulo":"Elei\u00e7\u00f5es 2019","conteudo":"Apura\u00e7\u00e3o das Elei\u00e7\u00f5es de 2019 para XVI Plen\u00e1rio do CRP-03:\n\n\n\nChapa\nVotos\n\n\nPsicologias em Movimento\n3701\n\n\n\nVotos brancos: 222\nVotos nulos: 438\nTotal: 4361\n"}